{"id":689,"date":"2019-09-05T04:26:01","date_gmt":"2019-09-05T04:26:01","guid":{"rendered":"http:\/\/almarosario.org.ar\/alma\/?p=689"},"modified":"2019-09-05T19:40:40","modified_gmt":"2019-09-05T19:40:40","slug":"en-el-mes-del-alzheimer-hablemos-sobre-demencia","status":"publish","type":"post","link":"https:\/\/almarosario.org.ar\/alma\/en-el-mes-del-alzheimer-hablemos-sobre-demencia\/","title":{"rendered":"En el mes del Alzheimer, hablemos sobre demencia"},"content":{"rendered":"\n<p><em>La campa\u00f1a \u201cHablemos sobre demencia\u201d busca abordar el estigma y promover conversaciones sobre este s\u00edndrome que desarrolla una persona cada 3 segundos en el mundo. En 2018, los costos globales de la demencia llegaron al bill\u00f3n de d\u00f3lares. En Am\u00e9rica, 10 millones de personas viven con ella.<\/em><\/p>\n\n\n\n<p>Una campa\u00f1a en toda Am\u00e9rica lanzada por Alzheimer\u2019s Disease International (ADI) y la Organizaci\u00f3n Panamericana de la Salud (OPS) busca que las personas hablen de manera m\u00e1s c\u00f3moda y abierta sobre la enfermedad de Alzheimer y la demencia.<\/p>\n\n\n\n<div class=\"wp-block-image\"><figure class=\"alignright is-resized\"><img loading=\"lazy\" decoding=\"async\" src=\"http:\/\/almarosario.org.ar\/alma\/wp-content\/uploads\/2019\/09\/sm-cards-risk-es-03.jpg\" alt=\"\" class=\"wp-image-692\" width=\"384\" height=\"384\" srcset=\"https:\/\/almarosario.org.ar\/alma\/wp-content\/uploads\/2019\/09\/sm-cards-risk-es-03.jpg 1000w, https:\/\/almarosario.org.ar\/alma\/wp-content\/uploads\/2019\/09\/sm-cards-risk-es-03-150x150.jpg 150w, https:\/\/almarosario.org.ar\/alma\/wp-content\/uploads\/2019\/09\/sm-cards-risk-es-03-300x300.jpg 300w, https:\/\/almarosario.org.ar\/alma\/wp-content\/uploads\/2019\/09\/sm-cards-risk-es-03-768x768.jpg 768w\" sizes=\"auto, (max-width: 384px) 100vw, 384px\" \/><\/figure><\/div>\n\n\n\n<p>&#8220;<a rel=\"noreferrer noopener\" aria-label=\"Hablemos de demencia (abre en una nueva pesta\u00f1a)\" href=\"https:\/\/www.paho.org\/hq\/index.php?option=com_content&amp;view=article&amp;id=15386:lets-talk-about-dementia&amp;Itemid=72549&amp;lang=es\" target=\"_blank\">Hablemos sobre demencia<\/a>&#8221; se basa en comprender que abordar p\u00fablicamente el tema ayuda a combatir el estigma, normaliza el lenguaje y alienta a las personas a descubrir m\u00e1s sobre la enfermedad y a buscar ayuda, asesoramiento y apoyo. La campa\u00f1a se pone en marcha desde los primeros d\u00edas de septiembre por ser el Mes&nbsp;Mundial del&nbsp;Alzheimer.<\/p>\n\n\n\n<p>La doctora Carissa F. Etienne, directora de la OPS, afirm\u00f3 que &#8220;la falta de conocimiento sobre la demencia y sobre c\u00f3mo podr\u00eda comportarse una persona afectada ha contribuido al estigma\u201d. Adem\u00e1s se\u00f1al\u00f3 que \u201cla campa\u00f1a fomentar\u00e1 las conversaciones en todas partes, ya que hablar es el primer paso hacia la concientizaci\u00f3n, la comprensi\u00f3n y la superaci\u00f3n de las barreras que dificultan el acceso al<a href=\"http:\/\/almarosario.org.ar\/alma\/diagnostico-de-alzheimer\/\" target=\"_blank\" rel=\"noreferrer noopener\" aria-label=\" diagn\u00f3stico (abre en una nueva pesta\u00f1a)\"> diagn\u00f3stico<\/a> y la atenci\u00f3n\u201d.<\/p>\n\n\n\n<p>Por su parte, Paola Barbarino, CEO de Alzheimer\u2019s Disease International, dijo: \u201cLa demencia es una de las crisis m\u00e1s importantes de salud mundial y atenci\u00f3n social en el siglo XXI. Cada 3 segundos una persona desarrolla demencia, pero el estigma que la rodea y la falta de tratamientos disponibles, significa que las personas demoren en hablar sobre esto y en buscar <a rel=\"noreferrer noopener\" aria-label=\"asesoramiento y apoyo (abre en una nueva pesta\u00f1a)\" href=\"http:\/\/almarosario.org.ar\/alma\/acompanar-a-un-familiar-con-demencia\/\" target=\"_blank\">asesoramiento y apoyo<\/a>, perdiendo tiempo valioso\u201d.<\/p>\n\n\n\n<h5 class=\"wp-block-heading\" style=\"text-align:center\">TASAS DE DEMENCIA<\/h5>\n\n\n\n<div class=\"wp-block-image\"><figure class=\"alignleft is-resized\"><img loading=\"lazy\" decoding=\"async\" src=\"http:\/\/almarosario.org.ar\/alma\/wp-content\/uploads\/2019\/09\/sm-cards-risk-es-02.jpg\" alt=\"\" class=\"wp-image-698\" width=\"331\" height=\"331\" srcset=\"https:\/\/almarosario.org.ar\/alma\/wp-content\/uploads\/2019\/09\/sm-cards-risk-es-02.jpg 1000w, https:\/\/almarosario.org.ar\/alma\/wp-content\/uploads\/2019\/09\/sm-cards-risk-es-02-150x150.jpg 150w, https:\/\/almarosario.org.ar\/alma\/wp-content\/uploads\/2019\/09\/sm-cards-risk-es-02-300x300.jpg 300w, https:\/\/almarosario.org.ar\/alma\/wp-content\/uploads\/2019\/09\/sm-cards-risk-es-02-768x768.jpg 768w\" sizes=\"auto, (max-width: 331px) 100vw, 331px\" \/><\/figure><\/div>\n\n\n\n<p>La demencia afecta a nivel mundial a unas 50 millones de personas, de las cuales alrededor del 60% viven en pa\u00edses de ingresos bajos y medios. Cada a\u00f1o se registran cerca de 10 millones de nuevos casos. Se calcula que entre un 5% y un 8% de la poblaci\u00f3n general de 60 a\u00f1os o m\u00e1s sufre demencia en un determinado momento.<\/p>\n\n\n\n<p>Asimismo, se prev\u00e9 que el n\u00famero total de personas con demencia alcance los 82 millones en 2030 y 152 millones en 2050. Parte de ese incremento puede atribuirse a que, en los pa\u00edses de ingresos bajos y medios, el n\u00famero de personas con demencia aumentar\u00e1 cada vez m\u00e1s.<\/p>\n\n\n\n<p>Seg\u00fan la definici\u00f3n de la OPS, &#8220;la demencia es un s\u00edndrome\nque implica el deterioro de la memoria, el intelecto, el comportamiento y la\ncapacidad para realizar actividades de la vida diaria&#8221; que &#8220;afecta\nprincipalmente a las personas mayores&#8221;, pero que &#8220;no constituye una\nconsecuencia normal del envejecimiento&#8221;.<\/p>\n\n\n\n<p>Como parte de la campa\u00f1a se lanz\u00f3 una <a rel=\"noreferrer noopener\" aria-label=\"plataforma (abre en una nueva pesta\u00f1a)\" href=\"http:\/\/www.paho.org\/hablemos-sobre-demencia\/signos-de-advertencia\/\" target=\"_blank\">plataforma<\/a> que sirve para conocer las se\u00f1ales de advertencia temprana de la enfermedad. <\/p>\n\n\n\n<h5 class=\"wp-block-heading\" style=\"text-align:center\">IMPACTO SOCIAL Y ECON\u00d3MICO<\/h5>\n\n\n\n<p>La demencia tiene importantes repercusiones sociales y econ\u00f3micas en lo que respecta a los costos m\u00e9dicos y sociales directos y a los costos referidos a la atenci\u00f3n prestada fuera del \u00e1mbito institucional. En 2015, el costo social total de la demencia a nivel mundial se estim\u00f3 en US$ 818&nbsp;000 millones. Esta cuant\u00eda equivale al 1,1% del producto interior bruto (PIB) mundial. El costo representa el 0,2% del PBI de los pa\u00edses de ingresos bajos y medianos, y el 1,4% correspondiente a los pa\u00edses de ingresos altos. <\/p>\n\n\n\n<p>Fuente:  Organizaci\u00f3n Panamericana de la Salud  <\/p>\n","protected":false},"excerpt":{"rendered":"<p>La campa\u00f1a \u201cHablemos sobre demencia\u201d busca abordar el estigma y promover conversaciones sobre este s\u00edndrome que desarrolla una persona cada 3 segundos en el mundo. En 2018, los costos globales &#8230;<\/p>\n","protected":false},"author":5,"featured_media":725,"comment_status":"closed","ping_status":"open","sticky":false,"template":"","format":"standard","meta":{"_exactmetrics_skip_tracking":false,"_exactmetrics_sitenote_active":false,"_exactmetrics_sitenote_note":"","_exactmetrics_sitenote_category":0,"footnotes":""},"categories":[2,23],"tags":[72,18,19,16,17,25,71,70,26,75,74,73,33,38],"class_list":["post-689","post","type-post","status-publish","format-standard","has-post-thumbnail","hentry","category-articulos","category-noticias","tag-adi","tag-alma","tag-alma-rosario","tag-alzheimer","tag-alzheimer-rosario","tag-demencia","tag-hablemos-de-demencia","tag-mes-del-alzheimer","tag-neurologia","tag-oms","tag-onu","tag-ops","tag-prevencion","tag-rosario"],"yoast_head":"<!-- This site is optimized with the Yoast SEO plugin v27.5 - https:\/\/yoast.com\/product\/yoast-seo-wordpress\/ -->\n<title>En el mes del Alzheimer, hablemos sobre demencia - ALMA - Alzheimer Rosario<\/title>\n<meta name=\"robots\" content=\"index, follow, max-snippet:-1, max-image-preview:large, max-video-preview:-1\" \/>\n<link rel=\"canonical\" href=\"https:\/\/almarosario.org.ar\/alma\/en-el-mes-del-alzheimer-hablemos-sobre-demencia\/\" \/>\n<meta property=\"og:locale\" content=\"es_ES\" \/>\n<meta property=\"og:type\" content=\"article\" \/>\n<meta property=\"og:title\" content=\"En el mes del Alzheimer, hablemos sobre demencia - ALMA - Alzheimer Rosario\" \/>\n<meta property=\"og:description\" content=\"La campa\u00f1a \u201cHablemos sobre demencia\u201d busca abordar el estigma y promover conversaciones sobre este s\u00edndrome que desarrolla una persona cada 3 segundos en el mundo. En 2018, los costos globales ...\" \/>\n<meta property=\"og:url\" content=\"https:\/\/almarosario.org.ar\/alma\/en-el-mes-del-alzheimer-hablemos-sobre-demencia\/\" \/>\n<meta property=\"og:site_name\" content=\"ALMA - Alzheimer Rosario\" \/>\n<meta property=\"article:publisher\" content=\"http:\/\/facebook.com\/asoc.alma.rosario\" \/>\n<meta property=\"article:published_time\" content=\"2019-09-05T04:26:01+00:00\" \/>\n<meta property=\"article:modified_time\" content=\"2019-09-05T19:40:40+00:00\" \/>\n<meta property=\"og:image\" content=\"https:\/\/almarosario.org.ar\/alma\/wp-content\/uploads\/2019\/09\/cuide-corazon-es.png\" \/>\n\t<meta property=\"og:image:width\" content=\"595\" \/>\n\t<meta property=\"og:image:height\" content=\"600\" \/>\n\t<meta property=\"og:image:type\" content=\"image\/png\" \/>\n<meta name=\"author\" content=\"ALMA Rosario\" \/>\n<meta name=\"twitter:card\" content=\"summary_large_image\" \/>\n<meta name=\"twitter:image\" content=\"https:\/\/almarosario.org.ar\/alma\/wp-content\/uploads\/2019\/09\/cuide-corazon-es.png\" \/>\n<meta name=\"twitter:creator\" content=\"@asocalmarosario\" \/>\n<meta name=\"twitter:site\" content=\"@asocalmarosario\" \/>\n<meta name=\"twitter:label1\" content=\"Escrito por\" \/>\n\t<meta name=\"twitter:data1\" content=\"ALMA Rosario\" \/>\n\t<meta name=\"twitter:label2\" content=\"Tiempo de lectura\" \/>\n\t<meta name=\"twitter:data2\" content=\"3 minutos\" \/>\n<script type=\"application\/ld+json\" class=\"yoast-schema-graph\">{\"@context\":\"https:\\\/\\\/schema.org\",\"@graph\":[{\"@type\":\"Article\",\"@id\":\"https:\\\/\\\/almarosario.org.ar\\\/alma\\\/en-el-mes-del-alzheimer-hablemos-sobre-demencia\\\/#article\",\"isPartOf\":{\"@id\":\"https:\\\/\\\/almarosario.org.ar\\\/alma\\\/en-el-mes-del-alzheimer-hablemos-sobre-demencia\\\/\"},\"author\":{\"name\":\"ALMA Rosario\",\"@id\":\"https:\\\/\\\/almarosario.org.ar\\\/alma\\\/#\\\/schema\\\/person\\\/299583e24f70d063da5ded5a841e1d28\"},\"headline\":\"En el mes del Alzheimer, hablemos sobre demencia\",\"datePublished\":\"2019-09-05T04:26:01+00:00\",\"dateModified\":\"2019-09-05T19:40:40+00:00\",\"mainEntityOfPage\":{\"@id\":\"https:\\\/\\\/almarosario.org.ar\\\/alma\\\/en-el-mes-del-alzheimer-hablemos-sobre-demencia\\\/\"},\"wordCount\":596,\"publisher\":{\"@id\":\"https:\\\/\\\/almarosario.org.ar\\\/alma\\\/#organization\"},\"image\":{\"@id\":\"https:\\\/\\\/almarosario.org.ar\\\/alma\\\/en-el-mes-del-alzheimer-hablemos-sobre-demencia\\\/#primaryimage\"},\"thumbnailUrl\":\"https:\\\/\\\/almarosario.org.ar\\\/alma\\\/wp-content\\\/uploads\\\/2019\\\/09\\\/cuide-corazon-es.png\",\"keywords\":[\"ADI\",\"alma\",\"alma rosario\",\"alzheimer\",\"alzheimer rosario\",\"demencia\",\"hablemos de demencia\",\"mes del alzheimer\",\"neurolog\u00eda\",\"OMS\",\"ONU\",\"OPS\",\"prevencion\",\"ROSARIO\"],\"articleSection\":[\"Articulos\",\"Noticias\"],\"inLanguage\":\"es-AR\"},{\"@type\":\"WebPage\",\"@id\":\"https:\\\/\\\/almarosario.org.ar\\\/alma\\\/en-el-mes-del-alzheimer-hablemos-sobre-demencia\\\/\",\"url\":\"https:\\\/\\\/almarosario.org.ar\\\/alma\\\/en-el-mes-del-alzheimer-hablemos-sobre-demencia\\\/\",\"name\":\"En el mes del Alzheimer, hablemos sobre demencia - ALMA - Alzheimer Rosario\",\"isPartOf\":{\"@id\":\"https:\\\/\\\/almarosario.org.ar\\\/alma\\\/#website\"},\"primaryImageOfPage\":{\"@id\":\"https:\\\/\\\/almarosario.org.ar\\\/alma\\\/en-el-mes-del-alzheimer-hablemos-sobre-demencia\\\/#primaryimage\"},\"image\":{\"@id\":\"https:\\\/\\\/almarosario.org.ar\\\/alma\\\/en-el-mes-del-alzheimer-hablemos-sobre-demencia\\\/#primaryimage\"},\"thumbnailUrl\":\"https:\\\/\\\/almarosario.org.ar\\\/alma\\\/wp-content\\\/uploads\\\/2019\\\/09\\\/cuide-corazon-es.png\",\"datePublished\":\"2019-09-05T04:26:01+00:00\",\"dateModified\":\"2019-09-05T19:40:40+00:00\",\"breadcrumb\":{\"@id\":\"https:\\\/\\\/almarosario.org.ar\\\/alma\\\/en-el-mes-del-alzheimer-hablemos-sobre-demencia\\\/#breadcrumb\"},\"inLanguage\":\"es-AR\",\"potentialAction\":[{\"@type\":\"ReadAction\",\"target\":[\"https:\\\/\\\/almarosario.org.ar\\\/alma\\\/en-el-mes-del-alzheimer-hablemos-sobre-demencia\\\/\"]}]},{\"@type\":\"ImageObject\",\"inLanguage\":\"es-AR\",\"@id\":\"https:\\\/\\\/almarosario.org.ar\\\/alma\\\/en-el-mes-del-alzheimer-hablemos-sobre-demencia\\\/#primaryimage\",\"url\":\"https:\\\/\\\/almarosario.org.ar\\\/alma\\\/wp-content\\\/uploads\\\/2019\\\/09\\\/cuide-corazon-es.png\",\"contentUrl\":\"https:\\\/\\\/almarosario.org.ar\\\/alma\\\/wp-content\\\/uploads\\\/2019\\\/09\\\/cuide-corazon-es.png\",\"width\":595,\"height\":600},{\"@type\":\"BreadcrumbList\",\"@id\":\"https:\\\/\\\/almarosario.org.ar\\\/alma\\\/en-el-mes-del-alzheimer-hablemos-sobre-demencia\\\/#breadcrumb\",\"itemListElement\":[{\"@type\":\"ListItem\",\"position\":1,\"name\":\"Inicio\",\"item\":\"https:\\\/\\\/almarosario.org.ar\\\/alma\\\/\"},{\"@type\":\"ListItem\",\"position\":2,\"name\":\"En el mes del Alzheimer, hablemos sobre demencia\"}]},{\"@type\":\"WebSite\",\"@id\":\"https:\\\/\\\/almarosario.org.ar\\\/alma\\\/#website\",\"url\":\"https:\\\/\\\/almarosario.org.ar\\\/alma\\\/\",\"name\":\"ALMA - Alzheimer Rosario\",\"description\":\"Asociaci\u00f3n de Lucha contra el Mal de Alzheimer y alteraciones semejantes\",\"publisher\":{\"@id\":\"https:\\\/\\\/almarosario.org.ar\\\/alma\\\/#organization\"},\"potentialAction\":[{\"@type\":\"SearchAction\",\"target\":{\"@type\":\"EntryPoint\",\"urlTemplate\":\"https:\\\/\\\/almarosario.org.ar\\\/alma\\\/?s={search_term_string}\"},\"query-input\":{\"@type\":\"PropertyValueSpecification\",\"valueRequired\":true,\"valueName\":\"search_term_string\"}}],\"inLanguage\":\"es-AR\"},{\"@type\":\"Organization\",\"@id\":\"https:\\\/\\\/almarosario.org.ar\\\/alma\\\/#organization\",\"name\":\"Alma Rosario\",\"url\":\"https:\\\/\\\/almarosario.org.ar\\\/alma\\\/\",\"logo\":{\"@type\":\"ImageObject\",\"inLanguage\":\"es-AR\",\"@id\":\"https:\\\/\\\/almarosario.org.ar\\\/alma\\\/#\\\/schema\\\/logo\\\/image\\\/\",\"url\":\"https:\\\/\\\/almarosario.org.ar\\\/alma\\\/wp-content\\\/uploads\\\/2020\\\/03\\\/iso.jpg\",\"contentUrl\":\"https:\\\/\\\/almarosario.org.ar\\\/alma\\\/wp-content\\\/uploads\\\/2020\\\/03\\\/iso.jpg\",\"width\":600,\"height\":600,\"caption\":\"Alma Rosario\"},\"image\":{\"@id\":\"https:\\\/\\\/almarosario.org.ar\\\/alma\\\/#\\\/schema\\\/logo\\\/image\\\/\"},\"sameAs\":[\"http:\\\/\\\/facebook.com\\\/asoc.alma.rosario\",\"https:\\\/\\\/x.com\\\/asocalmarosario\",\"http:\\\/\\\/asoc.alma.rosario\",\"https:\\\/\\\/www.youtube.com\\\/channel\\\/UCfBxweujZtBvmNqRo6EikBw\"]},{\"@type\":\"Person\",\"@id\":\"https:\\\/\\\/almarosario.org.ar\\\/alma\\\/#\\\/schema\\\/person\\\/299583e24f70d063da5ded5a841e1d28\",\"name\":\"ALMA Rosario\",\"image\":{\"@type\":\"ImageObject\",\"inLanguage\":\"es-AR\",\"@id\":\"https:\\\/\\\/secure.gravatar.com\\\/avatar\\\/b0cd24c4accaea9a9d289bdb4b71605e8ccaf0731e69f43e9c7fad7b8c529131?s=96&d=mm&r=g\",\"url\":\"https:\\\/\\\/secure.gravatar.com\\\/avatar\\\/b0cd24c4accaea9a9d289bdb4b71605e8ccaf0731e69f43e9c7fad7b8c529131?s=96&d=mm&r=g\",\"contentUrl\":\"https:\\\/\\\/secure.gravatar.com\\\/avatar\\\/b0cd24c4accaea9a9d289bdb4b71605e8ccaf0731e69f43e9c7fad7b8c529131?s=96&d=mm&r=g\",\"caption\":\"ALMA Rosario\"},\"url\":\"https:\\\/\\\/almarosario.org.ar\\\/alma\\\/author\\\/aye\\\/\"}]}<\/script>\n<!-- \/ Yoast SEO plugin. -->","yoast_head_json":{"title":"En el mes del Alzheimer, hablemos sobre demencia - ALMA - Alzheimer Rosario","robots":{"index":"index","follow":"follow","max-snippet":"max-snippet:-1","max-image-preview":"max-image-preview:large","max-video-preview":"max-video-preview:-1"},"canonical":"https:\/\/almarosario.org.ar\/alma\/en-el-mes-del-alzheimer-hablemos-sobre-demencia\/","og_locale":"es_ES","og_type":"article","og_title":"En el mes del Alzheimer, hablemos sobre demencia - ALMA - Alzheimer Rosario","og_description":"La campa\u00f1a \u201cHablemos sobre demencia\u201d busca abordar el estigma y promover conversaciones sobre este s\u00edndrome que desarrolla una persona cada 3 segundos en el mundo. En 2018, los costos globales ...","og_url":"https:\/\/almarosario.org.ar\/alma\/en-el-mes-del-alzheimer-hablemos-sobre-demencia\/","og_site_name":"ALMA - Alzheimer Rosario","article_publisher":"http:\/\/facebook.com\/asoc.alma.rosario","article_published_time":"2019-09-05T04:26:01+00:00","article_modified_time":"2019-09-05T19:40:40+00:00","og_image":[{"width":595,"height":600,"url":"https:\/\/almarosario.org.ar\/alma\/wp-content\/uploads\/2019\/09\/cuide-corazon-es.png","type":"image\/png"}],"author":"ALMA Rosario","twitter_card":"summary_large_image","twitter_image":"https:\/\/almarosario.org.ar\/alma\/wp-content\/uploads\/2019\/09\/cuide-corazon-es.png","twitter_creator":"@asocalmarosario","twitter_site":"@asocalmarosario","twitter_misc":{"Escrito por":"ALMA Rosario","Tiempo de lectura":"3 minutos"},"schema":{"@context":"https:\/\/schema.org","@graph":[{"@type":"Article","@id":"https:\/\/almarosario.org.ar\/alma\/en-el-mes-del-alzheimer-hablemos-sobre-demencia\/#article","isPartOf":{"@id":"https:\/\/almarosario.org.ar\/alma\/en-el-mes-del-alzheimer-hablemos-sobre-demencia\/"},"author":{"name":"ALMA Rosario","@id":"https:\/\/almarosario.org.ar\/alma\/#\/schema\/person\/299583e24f70d063da5ded5a841e1d28"},"headline":"En el mes del Alzheimer, hablemos sobre demencia","datePublished":"2019-09-05T04:26:01+00:00","dateModified":"2019-09-05T19:40:40+00:00","mainEntityOfPage":{"@id":"https:\/\/almarosario.org.ar\/alma\/en-el-mes-del-alzheimer-hablemos-sobre-demencia\/"},"wordCount":596,"publisher":{"@id":"https:\/\/almarosario.org.ar\/alma\/#organization"},"image":{"@id":"https:\/\/almarosario.org.ar\/alma\/en-el-mes-del-alzheimer-hablemos-sobre-demencia\/#primaryimage"},"thumbnailUrl":"https:\/\/almarosario.org.ar\/alma\/wp-content\/uploads\/2019\/09\/cuide-corazon-es.png","keywords":["ADI","alma","alma rosario","alzheimer","alzheimer rosario","demencia","hablemos de demencia","mes del alzheimer","neurolog\u00eda","OMS","ONU","OPS","prevencion","ROSARIO"],"articleSection":["Articulos","Noticias"],"inLanguage":"es-AR"},{"@type":"WebPage","@id":"https:\/\/almarosario.org.ar\/alma\/en-el-mes-del-alzheimer-hablemos-sobre-demencia\/","url":"https:\/\/almarosario.org.ar\/alma\/en-el-mes-del-alzheimer-hablemos-sobre-demencia\/","name":"En el mes del Alzheimer, hablemos sobre demencia - ALMA - Alzheimer Rosario","isPartOf":{"@id":"https:\/\/almarosario.org.ar\/alma\/#website"},"primaryImageOfPage":{"@id":"https:\/\/almarosario.org.ar\/alma\/en-el-mes-del-alzheimer-hablemos-sobre-demencia\/#primaryimage"},"image":{"@id":"https:\/\/almarosario.org.ar\/alma\/en-el-mes-del-alzheimer-hablemos-sobre-demencia\/#primaryimage"},"thumbnailUrl":"https:\/\/almarosario.org.ar\/alma\/wp-content\/uploads\/2019\/09\/cuide-corazon-es.png","datePublished":"2019-09-05T04:26:01+00:00","dateModified":"2019-09-05T19:40:40+00:00","breadcrumb":{"@id":"https:\/\/almarosario.org.ar\/alma\/en-el-mes-del-alzheimer-hablemos-sobre-demencia\/#breadcrumb"},"inLanguage":"es-AR","potentialAction":[{"@type":"ReadAction","target":["https:\/\/almarosario.org.ar\/alma\/en-el-mes-del-alzheimer-hablemos-sobre-demencia\/"]}]},{"@type":"ImageObject","inLanguage":"es-AR","@id":"https:\/\/almarosario.org.ar\/alma\/en-el-mes-del-alzheimer-hablemos-sobre-demencia\/#primaryimage","url":"https:\/\/almarosario.org.ar\/alma\/wp-content\/uploads\/2019\/09\/cuide-corazon-es.png","contentUrl":"https:\/\/almarosario.org.ar\/alma\/wp-content\/uploads\/2019\/09\/cuide-corazon-es.png","width":595,"height":600},{"@type":"BreadcrumbList","@id":"https:\/\/almarosario.org.ar\/alma\/en-el-mes-del-alzheimer-hablemos-sobre-demencia\/#breadcrumb","itemListElement":[{"@type":"ListItem","position":1,"name":"Inicio","item":"https:\/\/almarosario.org.ar\/alma\/"},{"@type":"ListItem","position":2,"name":"En el mes del Alzheimer, hablemos sobre demencia"}]},{"@type":"WebSite","@id":"https:\/\/almarosario.org.ar\/alma\/#website","url":"https:\/\/almarosario.org.ar\/alma\/","name":"ALMA - Alzheimer Rosario","description":"Asociaci\u00f3n de Lucha contra el Mal de Alzheimer y alteraciones semejantes","publisher":{"@id":"https:\/\/almarosario.org.ar\/alma\/#organization"},"potentialAction":[{"@type":"SearchAction","target":{"@type":"EntryPoint","urlTemplate":"https:\/\/almarosario.org.ar\/alma\/?s={search_term_string}"},"query-input":{"@type":"PropertyValueSpecification","valueRequired":true,"valueName":"search_term_string"}}],"inLanguage":"es-AR"},{"@type":"Organization","@id":"https:\/\/almarosario.org.ar\/alma\/#organization","name":"Alma Rosario","url":"https:\/\/almarosario.org.ar\/alma\/","logo":{"@type":"ImageObject","inLanguage":"es-AR","@id":"https:\/\/almarosario.org.ar\/alma\/#\/schema\/logo\/image\/","url":"https:\/\/almarosario.org.ar\/alma\/wp-content\/uploads\/2020\/03\/iso.jpg","contentUrl":"https:\/\/almarosario.org.ar\/alma\/wp-content\/uploads\/2020\/03\/iso.jpg","width":600,"height":600,"caption":"Alma Rosario"},"image":{"@id":"https:\/\/almarosario.org.ar\/alma\/#\/schema\/logo\/image\/"},"sameAs":["http:\/\/facebook.com\/asoc.alma.rosario","https:\/\/x.com\/asocalmarosario","http:\/\/asoc.alma.rosario","https:\/\/www.youtube.com\/channel\/UCfBxweujZtBvmNqRo6EikBw"]},{"@type":"Person","@id":"https:\/\/almarosario.org.ar\/alma\/#\/schema\/person\/299583e24f70d063da5ded5a841e1d28","name":"ALMA Rosario","image":{"@type":"ImageObject","inLanguage":"es-AR","@id":"https:\/\/secure.gravatar.com\/avatar\/b0cd24c4accaea9a9d289bdb4b71605e8ccaf0731e69f43e9c7fad7b8c529131?s=96&d=mm&r=g","url":"https:\/\/secure.gravatar.com\/avatar\/b0cd24c4accaea9a9d289bdb4b71605e8ccaf0731e69f43e9c7fad7b8c529131?s=96&d=mm&r=g","contentUrl":"https:\/\/secure.gravatar.com\/avatar\/b0cd24c4accaea9a9d289bdb4b71605e8ccaf0731e69f43e9c7fad7b8c529131?s=96&d=mm&r=g","caption":"ALMA Rosario"},"url":"https:\/\/almarosario.org.ar\/alma\/author\/aye\/"}]}},"_links":{"self":[{"href":"https:\/\/almarosario.org.ar\/alma\/wp-json\/wp\/v2\/posts\/689","targetHints":{"allow":["GET"]}}],"collection":[{"href":"https:\/\/almarosario.org.ar\/alma\/wp-json\/wp\/v2\/posts"}],"about":[{"href":"https:\/\/almarosario.org.ar\/alma\/wp-json\/wp\/v2\/types\/post"}],"author":[{"embeddable":true,"href":"https:\/\/almarosario.org.ar\/alma\/wp-json\/wp\/v2\/users\/5"}],"replies":[{"embeddable":true,"href":"https:\/\/almarosario.org.ar\/alma\/wp-json\/wp\/v2\/comments?post=689"}],"version-history":[{"count":32,"href":"https:\/\/almarosario.org.ar\/alma\/wp-json\/wp\/v2\/posts\/689\/revisions"}],"predecessor-version":[{"id":727,"href":"https:\/\/almarosario.org.ar\/alma\/wp-json\/wp\/v2\/posts\/689\/revisions\/727"}],"wp:featuredmedia":[{"embeddable":true,"href":"https:\/\/almarosario.org.ar\/alma\/wp-json\/wp\/v2\/media\/725"}],"wp:attachment":[{"href":"https:\/\/almarosario.org.ar\/alma\/wp-json\/wp\/v2\/media?parent=689"}],"wp:term":[{"taxonomy":"category","embeddable":true,"href":"https:\/\/almarosario.org.ar\/alma\/wp-json\/wp\/v2\/categories?post=689"},{"taxonomy":"post_tag","embeddable":true,"href":"https:\/\/almarosario.org.ar\/alma\/wp-json\/wp\/v2\/tags?post=689"}],"curies":[{"name":"wp","href":"https:\/\/api.w.org\/{rel}","templated":true}]}}