{"id":596,"date":"2019-07-11T00:05:51","date_gmt":"2019-07-11T00:05:51","guid":{"rendered":"http:\/\/almarosario.org.ar\/alma\/?p=596"},"modified":"2019-07-11T19:02:52","modified_gmt":"2019-07-11T19:02:52","slug":"diagnostico-de-alzheimer","status":"publish","type":"post","link":"https:\/\/almarosario.org.ar\/alma\/diagnostico-de-alzheimer\/","title":{"rendered":"Diagn\u00f3stico de Alzheimer"},"content":{"rendered":"\n<p><em>Gerardo Tiezzi es uno de los neur\u00f3logos m\u00e1s reconocidos que trabaja con la tem\u00e1tica de Alzheimer. Prevenci\u00f3n, estimulaci\u00f3n, diagn\u00f3stico, estudios necesarios y tratamiento fueron los temas de la entrevista que sostuvo con Javier Insaurralde de Pangea responde. M\u00e1s detalles en esta nota.<\/em><\/p>\n\n\n\n<p>Gerardo Tiezzi es\nm\u00e9dico especialista en neurolog\u00eda cognitiva, matr\u00edcula N\u00b0 10843. Actualmente es\ndirector de la Cl\u00ednica de Memoria. Asegur\u00f3 que el motivo m\u00e1s frecuente de\nvisita es la p\u00e9rdida de memoria: \u201cUn alto porcentaje de las consultas se\nproducen cuando aparecen reci\u00e9n los olvidos, cuando la persona todav\u00eda se puede\nmanejar de forma independiente\u201d. <\/p>\n\n\n\n<p>\u00bfC\u00f3mo darse cuenta que el <a href=\"http:\/\/almarosario.org.ar\/alma\/alzheimer-que-es\/\" target=\"_blank\" rel=\"noreferrer noopener\" aria-label=\"olvido (abre en una nueva pesta\u00f1a)\">olvido<\/a> es signo de deterioro cognitivo? \u201cCuando el trastorno de memoria est\u00e1 interfiriendo con la vida diaria, es decir, que la persona ya no puede seguir haciendo algo que pod\u00eda hacer. A veces esa cosa que no puede hacer es muy simple, una ama de casa que no recuerda c\u00f3mo hacer una comida\u201d, respondi\u00f3.<\/p>\n\n\n\n<h5 class=\"wp-block-heading\">\u00bfC\u00d3MO SE LLEGA AL DIAGN\u00d3STICO?<\/h5>\n\n\n\n<p>\u201cLa escala habitual es el interrogatorio, el examen neurol\u00f3gico y descartar que exista otra causa que pueda dar la p\u00e9rdida de la memoria. El paciente tiene que tener una evaluaci\u00f3n cognitiva en donde se cuantifica la p\u00e9rdida de memoria. Vos le das un puntaje y despu\u00e9s tiene que tener una imagen. Ac\u00e1 lo que se utiliza es la resonancia magn\u00e9tica que eval\u00faa si existe o no atrofia cerebral. Con todo eso lleg\u00e1s al criterio de diagn\u00f3stico\u201d, relat\u00f3.<\/p>\n\n\n\n<h5 class=\"wp-block-heading\">DETECCI\u00d3N TEMPRANA<\/h5>\n\n\n\n<p>Muchos m\u00e9dicos afirman que el diagn\u00f3stico se realiza despu\u00e9s de dos o tres a\u00f1os de la aparici\u00f3n de los <a href=\"http:\/\/almarosario.org.ar\/alma\/acompanar-a-un-familiar-con-demencia\/\" target=\"_blank\" rel=\"noreferrer noopener\" aria-label=\"primeros s\u00edntomas (abre en una nueva pesta\u00f1a)\">primeros s\u00edntomas<\/a> porque son olvidos que se presentan espor\u00e1dicamente. \u201cEs fundamental la consulta temprana y que el m\u00e9dico analice si ese s\u00edntoma de olvido puede estar sugiriendo una situaci\u00f3n patol\u00f3gica y complete los estudios para un diagn\u00f3stico\u201d, recalc\u00f3 el Dr. Tiezzi. <\/p>\n\n\n\n<p>\u201cEl olvido tiene que\nafectar en parte su desempe\u00f1o, es decir, que esa persona por su problema de\nmemoria no pueda hacer lo que hac\u00eda antes. Luego, que el s\u00edntoma sea sostenido\nen el tiempo\u201d, puntualiz\u00f3. <\/p>\n\n\n\n<p>La enfermedad es progresiva, por lo que el paciente va a ir empeorando con el transcurso de los a\u00f1os. \u201cLa severidad la medimos a partir de puntajes en pruebas cognitivas, en donde est\u00e1 estandarizado\u201d, aclar\u00f3 y continu\u00f3 el especialista: \u201cEn realidad ser\u00eda que en cada etapa hay mayor repercusi\u00f3n en las actividades de la vida diaria. Esa persona puede hacer cada vez menos cosas por s\u00ed misma y necesita mayor asistencia\u201d.<\/p>\n\n\n\n<h5 class=\"wp-block-heading\">BIOMARCADORES<\/h5>\n\n\n\n<p>A nivel internacional existen muchas investigaciones en cuanto a la b\u00fasqueda de marcadores biol\u00f3gicos que confirmen el diagn\u00f3stico.\u00a0 \u201cSe est\u00e1 buscando elemento, alg\u00fan an\u00e1lisis que soporte el diagn\u00f3stico cuando el paciente tiene pocos s\u00edntomas\u201d, coment\u00f3. La enfermedad de Alzheimer es una enfermedad de prote\u00ednas, es decir, \u201cuna prote\u00edna que tenemos en el cerebro sufre una mutaci\u00f3n y se transforma en anormal\u201d. Se denominan beta-amiloide y tau. \u201cUno de los marcadores biol\u00f3gicos es dosar esas prote\u00ednas en el l\u00edquido cefalorraqu\u00eddeo a trav\u00e9s de la extracci\u00f3n de una punci\u00f3n lumbar\u201d, explic\u00f3 el Dr. Tiezzi y agreg\u00f3: \u201cEl otro es un m\u00e9todo de im\u00e1genes que se llama PET con marcador amiloide. El PET es una tomograf\u00eda por emisi\u00f3n de positrones en donde se inyecta al paciente una sustancia y esa sustancia capta si hay amiloide depositado en el cerebro\u201d. <\/p>\n\n\n\n<h5 class=\"wp-block-heading\">TRATAMIENTO<\/h5>\n\n\n\n<p>Se recomienda que el abordaje sea <a href=\"http:\/\/almarosario.org.ar\/alma\/alteraciones-de-la-conducta-en-el-alzheimer\/\" target=\"_blank\" rel=\"noreferrer noopener\" aria-label=\"interdisciplinario (abre en una nueva pesta\u00f1a)\">interdisciplinario<\/a>. El tratamiento a cargo del m\u00e9dico neur\u00f3logo consiste, por un lado, en lo farmacol\u00f3gico, y por otro, en lo no farmacol\u00f3gico, como la rehabilitaci\u00f3n cognitiva. \u201cLos pacientes aceptan absolutamente un tratamiento farmacol\u00f3gico y todo el resto depende del caso\u201d, cont\u00f3. Sobre c\u00f3mo llevar adelante lo no farmacol\u00f3gico dijo: \u201cLa idea es que el trabajo de estimulaci\u00f3n cognitiva sea individual porque estamos hablando de pacientes leves en donde vos ten\u00e9s que abordar el problema puntual\u201d.<\/p>\n\n\n\n<p>En la entrevista el neur\u00f3logo Gerardo Tiezzi recalc\u00f3 la importancia de la estimulaci\u00f3n cognitiva a trav\u00e9s del aprendizaje para la prevenci\u00f3n y la detecci\u00f3n temprana. Tambi\u00e9n coment\u00f3 que, si bien al momento la enfermedad de Alzheimer no tiene cura ni un an\u00e1lisis que confirme con certeza si se posee esta patolog\u00eda, hay que tener expectativa porque hay cientos de estudios cl\u00ednicos en el mundo. \u201cToda la l\u00ednea de investigaci\u00f3n en cuanto al tratamiento se llama \u2018agentes modificadores de enfermedades\u2019, eso ser\u00eda que ya se est\u00e1 buscando medicamentos que act\u00faen sobre el mecanismo de la enfermedad y no sintom\u00e1ticamente\u201d, especific\u00f3. <\/p>\n\n\n\n<h5 class=\"wp-block-heading\">MIR\u00c1 LA ENTREVISTA COMPLETA:<\/h5>\n\n\n\n<figure class=\"wp-block-embed-youtube wp-block-embed is-type-video is-provider-youtube wp-embed-aspect-16-9 wp-has-aspect-ratio\"><div class=\"wp-block-embed__wrapper\">\n<iframe loading=\"lazy\" title=\"Definici\u00f3n y detecci\u00f3n del Alzheimer - Con Javier Insaurralde y el Dr. Gerardo Tiezzi\" width=\"800\" height=\"450\" src=\"https:\/\/www.youtube.com\/embed\/aIKNtqQEMiM?feature=oembed\" frameborder=\"0\" allow=\"accelerometer; autoplay; encrypted-media; gyroscope; picture-in-picture\" allowfullscreen><\/iframe>\n<\/div><\/figure>\n\n\n\n<p>Estudio de grabaci\u00f3n: <a rel=\"noreferrer noopener\" href=\"https:\/\/www.youtube.com\/redirect?redir_token=iH6yCmsv6AmjUJ9SoaacCLU3sNF8MTU2Mjk1MzQwOUAxNTYyODY3MDA5&amp;event=video_description&amp;v=aIKNtqQEMiM&amp;q=https%3A%2F%2Fwww.epifania.com.ar%2F\" target=\"_blank\">https:\/\/www.epifania.com.ar\/<\/a> <br>Consultor de negocios: <a rel=\"noreferrer noopener\" href=\"https:\/\/www.youtube.com\/redirect?redir_token=iH6yCmsv6AmjUJ9SoaacCLU3sNF8MTU2Mjk1MzQwOUAxNTYyODY3MDA5&amp;event=video_description&amp;v=aIKNtqQEMiM&amp;q=http%3A%2F%2Fwww.javierinsaurralde.com.ar%2F\" target=\"_blank\">http:\/\/www.javierinsaurralde.com.ar\/<\/a> <br>Patrocinador: <a rel=\"noreferrer noopener\" href=\"https:\/\/www.youtube.com\/redirect?redir_token=iH6yCmsv6AmjUJ9SoaacCLU3sNF8MTU2Mjk1MzQwOUAxNTYyODY3MDA5&amp;event=video_description&amp;v=aIKNtqQEMiM&amp;q=http%3A%2F%2Fwww.grupopangea.com.ar%2F\" target=\"_blank\">http:\/\/www.grupopangea.com.ar\/<\/a> <\/p>\n","protected":false},"excerpt":{"rendered":"<p>Gerardo Tiezzi es uno de los neur\u00f3logos m\u00e1s reconocidos que trabaja con la tem\u00e1tica de Alzheimer. Prevenci\u00f3n, estimulaci\u00f3n, diagn\u00f3stico, estudios necesarios y tratamiento fueron los temas de la entrevista que &#8230;<\/p>\n","protected":false},"author":5,"featured_media":601,"comment_status":"closed","ping_status":"open","sticky":false,"template":"","format":"standard","meta":{"_exactmetrics_skip_tracking":false,"_exactmetrics_sitenote_active":false,"_exactmetrics_sitenote_note":"","_exactmetrics_sitenote_category":0,"footnotes":""},"categories":[2,12,23,9],"tags":[18,19,16,17,25,43,26,33,38,34],"class_list":["post-596","post","type-post","status-publish","format-standard","has-post-thumbnail","hentry","category-articulos","category-cronologia","category-noticias","category-videos","tag-alma","tag-alma-rosario","tag-alzheimer","tag-alzheimer-rosario","tag-demencia","tag-diagnostico","tag-neurologia","tag-prevencion","tag-rosario","tag-tratamiento"],"yoast_head":"<!-- This site is optimized with the Yoast SEO plugin v27.5 - https:\/\/yoast.com\/product\/yoast-seo-wordpress\/ -->\n<title>Diagn\u00f3stico de Alzheimer - ALMA - Alzheimer Rosario<\/title>\n<meta name=\"robots\" content=\"index, follow, max-snippet:-1, max-image-preview:large, max-video-preview:-1\" \/>\n<link rel=\"canonical\" href=\"https:\/\/almarosario.org.ar\/alma\/diagnostico-de-alzheimer\/\" \/>\n<meta property=\"og:locale\" content=\"es_ES\" \/>\n<meta property=\"og:type\" content=\"article\" \/>\n<meta property=\"og:title\" content=\"Diagn\u00f3stico de Alzheimer - ALMA - Alzheimer Rosario\" \/>\n<meta property=\"og:description\" content=\"Gerardo Tiezzi es uno de los neur\u00f3logos m\u00e1s reconocidos que trabaja con la tem\u00e1tica de Alzheimer. Prevenci\u00f3n, estimulaci\u00f3n, diagn\u00f3stico, estudios necesarios y tratamiento fueron los temas de la entrevista que ...\" \/>\n<meta property=\"og:url\" content=\"https:\/\/almarosario.org.ar\/alma\/diagnostico-de-alzheimer\/\" \/>\n<meta property=\"og:site_name\" content=\"ALMA - Alzheimer Rosario\" \/>\n<meta property=\"article:publisher\" content=\"http:\/\/facebook.com\/asoc.alma.rosario\" \/>\n<meta property=\"article:published_time\" content=\"2019-07-11T00:05:51+00:00\" \/>\n<meta property=\"article:modified_time\" content=\"2019-07-11T19:02:52+00:00\" \/>\n<meta property=\"og:image\" content=\"https:\/\/almarosario.org.ar\/alma\/wp-content\/uploads\/2019\/07\/Captura-de-pantalla-375.png\" \/>\n\t<meta property=\"og:image:width\" content=\"1366\" \/>\n\t<meta property=\"og:image:height\" content=\"768\" \/>\n\t<meta property=\"og:image:type\" content=\"image\/png\" \/>\n<meta name=\"author\" content=\"ALMA Rosario\" \/>\n<meta name=\"twitter:card\" content=\"summary_large_image\" \/>\n<meta name=\"twitter:image\" content=\"https:\/\/almarosario.org.ar\/alma\/wp-content\/uploads\/2019\/07\/Captura-de-pantalla-375.png\" \/>\n<meta name=\"twitter:creator\" content=\"@asocalmarosario\" \/>\n<meta name=\"twitter:site\" content=\"@asocalmarosario\" \/>\n<meta name=\"twitter:label1\" content=\"Escrito por\" \/>\n\t<meta name=\"twitter:data1\" content=\"ALMA Rosario\" \/>\n\t<meta name=\"twitter:label2\" content=\"Tiempo de lectura\" \/>\n\t<meta name=\"twitter:data2\" content=\"4 minutos\" \/>\n<script type=\"application\/ld+json\" class=\"yoast-schema-graph\">{\"@context\":\"https:\\\/\\\/schema.org\",\"@graph\":[{\"@type\":\"Article\",\"@id\":\"https:\\\/\\\/almarosario.org.ar\\\/alma\\\/diagnostico-de-alzheimer\\\/#article\",\"isPartOf\":{\"@id\":\"https:\\\/\\\/almarosario.org.ar\\\/alma\\\/diagnostico-de-alzheimer\\\/\"},\"author\":{\"name\":\"ALMA Rosario\",\"@id\":\"https:\\\/\\\/almarosario.org.ar\\\/alma\\\/#\\\/schema\\\/person\\\/299583e24f70d063da5ded5a841e1d28\"},\"headline\":\"Diagn\u00f3stico de Alzheimer\",\"datePublished\":\"2019-07-11T00:05:51+00:00\",\"dateModified\":\"2019-07-11T19:02:52+00:00\",\"mainEntityOfPage\":{\"@id\":\"https:\\\/\\\/almarosario.org.ar\\\/alma\\\/diagnostico-de-alzheimer\\\/\"},\"wordCount\":855,\"publisher\":{\"@id\":\"https:\\\/\\\/almarosario.org.ar\\\/alma\\\/#organization\"},\"image\":{\"@id\":\"https:\\\/\\\/almarosario.org.ar\\\/alma\\\/diagnostico-de-alzheimer\\\/#primaryimage\"},\"thumbnailUrl\":\"https:\\\/\\\/almarosario.org.ar\\\/alma\\\/wp-content\\\/uploads\\\/2019\\\/07\\\/Captura-de-pantalla-375.png\",\"keywords\":[\"alma\",\"alma rosario\",\"alzheimer\",\"alzheimer rosario\",\"demencia\",\"diagnostico\",\"neurolog\u00eda\",\"prevencion\",\"ROSARIO\",\"tratamiento\"],\"articleSection\":[\"Articulos\",\"Cronologia\",\"Noticias\",\"Videos\"],\"inLanguage\":\"es-AR\"},{\"@type\":\"WebPage\",\"@id\":\"https:\\\/\\\/almarosario.org.ar\\\/alma\\\/diagnostico-de-alzheimer\\\/\",\"url\":\"https:\\\/\\\/almarosario.org.ar\\\/alma\\\/diagnostico-de-alzheimer\\\/\",\"name\":\"Diagn\u00f3stico de Alzheimer - ALMA - Alzheimer Rosario\",\"isPartOf\":{\"@id\":\"https:\\\/\\\/almarosario.org.ar\\\/alma\\\/#website\"},\"primaryImageOfPage\":{\"@id\":\"https:\\\/\\\/almarosario.org.ar\\\/alma\\\/diagnostico-de-alzheimer\\\/#primaryimage\"},\"image\":{\"@id\":\"https:\\\/\\\/almarosario.org.ar\\\/alma\\\/diagnostico-de-alzheimer\\\/#primaryimage\"},\"thumbnailUrl\":\"https:\\\/\\\/almarosario.org.ar\\\/alma\\\/wp-content\\\/uploads\\\/2019\\\/07\\\/Captura-de-pantalla-375.png\",\"datePublished\":\"2019-07-11T00:05:51+00:00\",\"dateModified\":\"2019-07-11T19:02:52+00:00\",\"breadcrumb\":{\"@id\":\"https:\\\/\\\/almarosario.org.ar\\\/alma\\\/diagnostico-de-alzheimer\\\/#breadcrumb\"},\"inLanguage\":\"es-AR\",\"potentialAction\":[{\"@type\":\"ReadAction\",\"target\":[\"https:\\\/\\\/almarosario.org.ar\\\/alma\\\/diagnostico-de-alzheimer\\\/\"]}]},{\"@type\":\"ImageObject\",\"inLanguage\":\"es-AR\",\"@id\":\"https:\\\/\\\/almarosario.org.ar\\\/alma\\\/diagnostico-de-alzheimer\\\/#primaryimage\",\"url\":\"https:\\\/\\\/almarosario.org.ar\\\/alma\\\/wp-content\\\/uploads\\\/2019\\\/07\\\/Captura-de-pantalla-375.png\",\"contentUrl\":\"https:\\\/\\\/almarosario.org.ar\\\/alma\\\/wp-content\\\/uploads\\\/2019\\\/07\\\/Captura-de-pantalla-375.png\",\"width\":1366,\"height\":768},{\"@type\":\"BreadcrumbList\",\"@id\":\"https:\\\/\\\/almarosario.org.ar\\\/alma\\\/diagnostico-de-alzheimer\\\/#breadcrumb\",\"itemListElement\":[{\"@type\":\"ListItem\",\"position\":1,\"name\":\"Inicio\",\"item\":\"https:\\\/\\\/almarosario.org.ar\\\/alma\\\/\"},{\"@type\":\"ListItem\",\"position\":2,\"name\":\"Diagn\u00f3stico de Alzheimer\"}]},{\"@type\":\"WebSite\",\"@id\":\"https:\\\/\\\/almarosario.org.ar\\\/alma\\\/#website\",\"url\":\"https:\\\/\\\/almarosario.org.ar\\\/alma\\\/\",\"name\":\"ALMA - Alzheimer Rosario\",\"description\":\"Asociaci\u00f3n de Lucha contra el Mal de Alzheimer y alteraciones semejantes\",\"publisher\":{\"@id\":\"https:\\\/\\\/almarosario.org.ar\\\/alma\\\/#organization\"},\"potentialAction\":[{\"@type\":\"SearchAction\",\"target\":{\"@type\":\"EntryPoint\",\"urlTemplate\":\"https:\\\/\\\/almarosario.org.ar\\\/alma\\\/?s={search_term_string}\"},\"query-input\":{\"@type\":\"PropertyValueSpecification\",\"valueRequired\":true,\"valueName\":\"search_term_string\"}}],\"inLanguage\":\"es-AR\"},{\"@type\":\"Organization\",\"@id\":\"https:\\\/\\\/almarosario.org.ar\\\/alma\\\/#organization\",\"name\":\"Alma Rosario\",\"url\":\"https:\\\/\\\/almarosario.org.ar\\\/alma\\\/\",\"logo\":{\"@type\":\"ImageObject\",\"inLanguage\":\"es-AR\",\"@id\":\"https:\\\/\\\/almarosario.org.ar\\\/alma\\\/#\\\/schema\\\/logo\\\/image\\\/\",\"url\":\"https:\\\/\\\/almarosario.org.ar\\\/alma\\\/wp-content\\\/uploads\\\/2020\\\/03\\\/iso.jpg\",\"contentUrl\":\"https:\\\/\\\/almarosario.org.ar\\\/alma\\\/wp-content\\\/uploads\\\/2020\\\/03\\\/iso.jpg\",\"width\":600,\"height\":600,\"caption\":\"Alma Rosario\"},\"image\":{\"@id\":\"https:\\\/\\\/almarosario.org.ar\\\/alma\\\/#\\\/schema\\\/logo\\\/image\\\/\"},\"sameAs\":[\"http:\\\/\\\/facebook.com\\\/asoc.alma.rosario\",\"https:\\\/\\\/x.com\\\/asocalmarosario\",\"http:\\\/\\\/asoc.alma.rosario\",\"https:\\\/\\\/www.youtube.com\\\/channel\\\/UCfBxweujZtBvmNqRo6EikBw\"]},{\"@type\":\"Person\",\"@id\":\"https:\\\/\\\/almarosario.org.ar\\\/alma\\\/#\\\/schema\\\/person\\\/299583e24f70d063da5ded5a841e1d28\",\"name\":\"ALMA Rosario\",\"image\":{\"@type\":\"ImageObject\",\"inLanguage\":\"es-AR\",\"@id\":\"https:\\\/\\\/secure.gravatar.com\\\/avatar\\\/b0cd24c4accaea9a9d289bdb4b71605e8ccaf0731e69f43e9c7fad7b8c529131?s=96&d=mm&r=g\",\"url\":\"https:\\\/\\\/secure.gravatar.com\\\/avatar\\\/b0cd24c4accaea9a9d289bdb4b71605e8ccaf0731e69f43e9c7fad7b8c529131?s=96&d=mm&r=g\",\"contentUrl\":\"https:\\\/\\\/secure.gravatar.com\\\/avatar\\\/b0cd24c4accaea9a9d289bdb4b71605e8ccaf0731e69f43e9c7fad7b8c529131?s=96&d=mm&r=g\",\"caption\":\"ALMA Rosario\"},\"url\":\"https:\\\/\\\/almarosario.org.ar\\\/alma\\\/author\\\/aye\\\/\"}]}<\/script>\n<!-- \/ Yoast SEO plugin. -->","yoast_head_json":{"title":"Diagn\u00f3stico de Alzheimer - ALMA - Alzheimer Rosario","robots":{"index":"index","follow":"follow","max-snippet":"max-snippet:-1","max-image-preview":"max-image-preview:large","max-video-preview":"max-video-preview:-1"},"canonical":"https:\/\/almarosario.org.ar\/alma\/diagnostico-de-alzheimer\/","og_locale":"es_ES","og_type":"article","og_title":"Diagn\u00f3stico de Alzheimer - ALMA - Alzheimer Rosario","og_description":"Gerardo Tiezzi es uno de los neur\u00f3logos m\u00e1s reconocidos que trabaja con la tem\u00e1tica de Alzheimer. Prevenci\u00f3n, estimulaci\u00f3n, diagn\u00f3stico, estudios necesarios y tratamiento fueron los temas de la entrevista que ...","og_url":"https:\/\/almarosario.org.ar\/alma\/diagnostico-de-alzheimer\/","og_site_name":"ALMA - Alzheimer Rosario","article_publisher":"http:\/\/facebook.com\/asoc.alma.rosario","article_published_time":"2019-07-11T00:05:51+00:00","article_modified_time":"2019-07-11T19:02:52+00:00","og_image":[{"width":1366,"height":768,"url":"https:\/\/almarosario.org.ar\/alma\/wp-content\/uploads\/2019\/07\/Captura-de-pantalla-375.png","type":"image\/png"}],"author":"ALMA Rosario","twitter_card":"summary_large_image","twitter_image":"https:\/\/almarosario.org.ar\/alma\/wp-content\/uploads\/2019\/07\/Captura-de-pantalla-375.png","twitter_creator":"@asocalmarosario","twitter_site":"@asocalmarosario","twitter_misc":{"Escrito por":"ALMA Rosario","Tiempo de lectura":"4 minutos"},"schema":{"@context":"https:\/\/schema.org","@graph":[{"@type":"Article","@id":"https:\/\/almarosario.org.ar\/alma\/diagnostico-de-alzheimer\/#article","isPartOf":{"@id":"https:\/\/almarosario.org.ar\/alma\/diagnostico-de-alzheimer\/"},"author":{"name":"ALMA Rosario","@id":"https:\/\/almarosario.org.ar\/alma\/#\/schema\/person\/299583e24f70d063da5ded5a841e1d28"},"headline":"Diagn\u00f3stico de Alzheimer","datePublished":"2019-07-11T00:05:51+00:00","dateModified":"2019-07-11T19:02:52+00:00","mainEntityOfPage":{"@id":"https:\/\/almarosario.org.ar\/alma\/diagnostico-de-alzheimer\/"},"wordCount":855,"publisher":{"@id":"https:\/\/almarosario.org.ar\/alma\/#organization"},"image":{"@id":"https:\/\/almarosario.org.ar\/alma\/diagnostico-de-alzheimer\/#primaryimage"},"thumbnailUrl":"https:\/\/almarosario.org.ar\/alma\/wp-content\/uploads\/2019\/07\/Captura-de-pantalla-375.png","keywords":["alma","alma rosario","alzheimer","alzheimer rosario","demencia","diagnostico","neurolog\u00eda","prevencion","ROSARIO","tratamiento"],"articleSection":["Articulos","Cronologia","Noticias","Videos"],"inLanguage":"es-AR"},{"@type":"WebPage","@id":"https:\/\/almarosario.org.ar\/alma\/diagnostico-de-alzheimer\/","url":"https:\/\/almarosario.org.ar\/alma\/diagnostico-de-alzheimer\/","name":"Diagn\u00f3stico de Alzheimer - ALMA - Alzheimer Rosario","isPartOf":{"@id":"https:\/\/almarosario.org.ar\/alma\/#website"},"primaryImageOfPage":{"@id":"https:\/\/almarosario.org.ar\/alma\/diagnostico-de-alzheimer\/#primaryimage"},"image":{"@id":"https:\/\/almarosario.org.ar\/alma\/diagnostico-de-alzheimer\/#primaryimage"},"thumbnailUrl":"https:\/\/almarosario.org.ar\/alma\/wp-content\/uploads\/2019\/07\/Captura-de-pantalla-375.png","datePublished":"2019-07-11T00:05:51+00:00","dateModified":"2019-07-11T19:02:52+00:00","breadcrumb":{"@id":"https:\/\/almarosario.org.ar\/alma\/diagnostico-de-alzheimer\/#breadcrumb"},"inLanguage":"es-AR","potentialAction":[{"@type":"ReadAction","target":["https:\/\/almarosario.org.ar\/alma\/diagnostico-de-alzheimer\/"]}]},{"@type":"ImageObject","inLanguage":"es-AR","@id":"https:\/\/almarosario.org.ar\/alma\/diagnostico-de-alzheimer\/#primaryimage","url":"https:\/\/almarosario.org.ar\/alma\/wp-content\/uploads\/2019\/07\/Captura-de-pantalla-375.png","contentUrl":"https:\/\/almarosario.org.ar\/alma\/wp-content\/uploads\/2019\/07\/Captura-de-pantalla-375.png","width":1366,"height":768},{"@type":"BreadcrumbList","@id":"https:\/\/almarosario.org.ar\/alma\/diagnostico-de-alzheimer\/#breadcrumb","itemListElement":[{"@type":"ListItem","position":1,"name":"Inicio","item":"https:\/\/almarosario.org.ar\/alma\/"},{"@type":"ListItem","position":2,"name":"Diagn\u00f3stico de Alzheimer"}]},{"@type":"WebSite","@id":"https:\/\/almarosario.org.ar\/alma\/#website","url":"https:\/\/almarosario.org.ar\/alma\/","name":"ALMA - Alzheimer Rosario","description":"Asociaci\u00f3n de Lucha contra el Mal de Alzheimer y alteraciones semejantes","publisher":{"@id":"https:\/\/almarosario.org.ar\/alma\/#organization"},"potentialAction":[{"@type":"SearchAction","target":{"@type":"EntryPoint","urlTemplate":"https:\/\/almarosario.org.ar\/alma\/?s={search_term_string}"},"query-input":{"@type":"PropertyValueSpecification","valueRequired":true,"valueName":"search_term_string"}}],"inLanguage":"es-AR"},{"@type":"Organization","@id":"https:\/\/almarosario.org.ar\/alma\/#organization","name":"Alma Rosario","url":"https:\/\/almarosario.org.ar\/alma\/","logo":{"@type":"ImageObject","inLanguage":"es-AR","@id":"https:\/\/almarosario.org.ar\/alma\/#\/schema\/logo\/image\/","url":"https:\/\/almarosario.org.ar\/alma\/wp-content\/uploads\/2020\/03\/iso.jpg","contentUrl":"https:\/\/almarosario.org.ar\/alma\/wp-content\/uploads\/2020\/03\/iso.jpg","width":600,"height":600,"caption":"Alma Rosario"},"image":{"@id":"https:\/\/almarosario.org.ar\/alma\/#\/schema\/logo\/image\/"},"sameAs":["http:\/\/facebook.com\/asoc.alma.rosario","https:\/\/x.com\/asocalmarosario","http:\/\/asoc.alma.rosario","https:\/\/www.youtube.com\/channel\/UCfBxweujZtBvmNqRo6EikBw"]},{"@type":"Person","@id":"https:\/\/almarosario.org.ar\/alma\/#\/schema\/person\/299583e24f70d063da5ded5a841e1d28","name":"ALMA Rosario","image":{"@type":"ImageObject","inLanguage":"es-AR","@id":"https:\/\/secure.gravatar.com\/avatar\/b0cd24c4accaea9a9d289bdb4b71605e8ccaf0731e69f43e9c7fad7b8c529131?s=96&d=mm&r=g","url":"https:\/\/secure.gravatar.com\/avatar\/b0cd24c4accaea9a9d289bdb4b71605e8ccaf0731e69f43e9c7fad7b8c529131?s=96&d=mm&r=g","contentUrl":"https:\/\/secure.gravatar.com\/avatar\/b0cd24c4accaea9a9d289bdb4b71605e8ccaf0731e69f43e9c7fad7b8c529131?s=96&d=mm&r=g","caption":"ALMA Rosario"},"url":"https:\/\/almarosario.org.ar\/alma\/author\/aye\/"}]}},"_links":{"self":[{"href":"https:\/\/almarosario.org.ar\/alma\/wp-json\/wp\/v2\/posts\/596","targetHints":{"allow":["GET"]}}],"collection":[{"href":"https:\/\/almarosario.org.ar\/alma\/wp-json\/wp\/v2\/posts"}],"about":[{"href":"https:\/\/almarosario.org.ar\/alma\/wp-json\/wp\/v2\/types\/post"}],"author":[{"embeddable":true,"href":"https:\/\/almarosario.org.ar\/alma\/wp-json\/wp\/v2\/users\/5"}],"replies":[{"embeddable":true,"href":"https:\/\/almarosario.org.ar\/alma\/wp-json\/wp\/v2\/comments?post=596"}],"version-history":[{"count":5,"href":"https:\/\/almarosario.org.ar\/alma\/wp-json\/wp\/v2\/posts\/596\/revisions"}],"predecessor-version":[{"id":603,"href":"https:\/\/almarosario.org.ar\/alma\/wp-json\/wp\/v2\/posts\/596\/revisions\/603"}],"wp:featuredmedia":[{"embeddable":true,"href":"https:\/\/almarosario.org.ar\/alma\/wp-json\/wp\/v2\/media\/601"}],"wp:attachment":[{"href":"https:\/\/almarosario.org.ar\/alma\/wp-json\/wp\/v2\/media?parent=596"}],"wp:term":[{"taxonomy":"category","embeddable":true,"href":"https:\/\/almarosario.org.ar\/alma\/wp-json\/wp\/v2\/categories?post=596"},{"taxonomy":"post_tag","embeddable":true,"href":"https:\/\/almarosario.org.ar\/alma\/wp-json\/wp\/v2\/tags?post=596"}],"curies":[{"name":"wp","href":"https:\/\/api.w.org\/{rel}","templated":true}]}}