{"id":423,"date":"2019-04-20T06:44:06","date_gmt":"2019-04-20T06:44:06","guid":{"rendered":"http:\/\/almarosario.org.ar\/alma\/?p=423"},"modified":"2019-07-02T19:14:52","modified_gmt":"2019-07-02T19:14:52","slug":"enfoques-sobre-el-alzheimer-2019","status":"publish","type":"post","link":"https:\/\/almarosario.org.ar\/alma\/enfoques-sobre-el-alzheimer-2019\/","title":{"rendered":"Enfoques sobre el Alzheimer 2019"},"content":{"rendered":"<p><em>Comienza el ciclo de charlas \u2018Enfoques sobre el Alzheimer\u2019 con el objetivo de abordar de la enfermedad desde distintas \u00e1reas de trabajo. Abiertas a la comunidad y con entrada gratuita.<\/em><\/p>\n<p>A.L.M.A. invita a participar de su ciclo de charlas 2019 \u2018Enfoques sobre el Alzheimer\u2019 que se realizar\u00e1n los \u00faltimos mi\u00e9rcoles de cada mes a las 18 en el auditorio del C.E.M.A.R. (San Luis 2020). Ser\u00e1n con entrada gratuita y destinadas a toda la comunidad con <a href=\"https:\/\/docs.google.com\/forms\/d\/e\/1FAIpQLSdnBsXWOoj-2GW2Qva7ZBjGadnQ71Fl8X33fA9tRgBQZgS1Fw\/viewform\" target=\"_blank\" rel=\"noopener noreferrer\">inscripci\u00f3n previa<\/a>.<\/p>\n<p>El Alzheimer es una demencia que se proyecta y afecta a todo el n\u00facleo familiar, por eso como Asociaci\u00f3n recalcamos la importancia de la <a href=\"http:\/\/almarosario.org.ar\/alma\/alzheimer-en-rosario\/?fbclid=IwAR3uMh61zKpXfkFla1wuYXWGVb4KdNQQ0VVGkOD0SPF0AKn_ngHifwGeMOA\" target=\"_blank\" rel=\"noopener noreferrer\">salud del cuidador<\/a> y de aprovechar estos espacios para informarse, despejar dudas y concientizar.<\/p>\n<h5><strong>GRILLA COMPLETA:<\/strong><\/h5>\n<ul>\n<li>24 DE ABRIL:\u00a0<a href=\"http:\/\/almarosario.org.ar\/alma\/trastornos-del-sueno-en-la-demencia\/\">\u201cSue\u00f1o y demencia. Demencia y sue\u00f1o. Interacci\u00f3n\u201d<\/a> &#8211; Dr. Claudio Aldaz, neur\u00f3logo.<\/li>\n<li>29 DE MAYO:\u00a0<a href=\"http:\/\/almarosario.org.ar\/alma\/alteraciones-de-la-conducta-en-el-alzheimer\/\">\u201cTrastornos conductuales y psiqui\u00e1tricos en la enfermedad de Alzheimer\u201d<\/a> &#8211; Dr. Horacio Gastaldi, psiquiatra.<\/li>\n<li>26 DE JUNIO:\u00a0<a href=\"http:\/\/almarosario.org.ar\/alma\/dieta-mind-para-la-prevencion-del-alzheimer\/\">\u201cAlimentaci\u00f3n para la mente. Cuidado nutricional del paciente con Alzheimer\u201d<\/a>&#8211; Lic. Alicia Eezckui, nutricionista.<\/li>\n<li>31 DE JULIO:\u00a0\u201cFortalecimiento para la prevenci\u00f3n de ca\u00eddas\u201d &#8211; Lic. Tania Angeletti, kinesi\u00f3loga.<\/li>\n<li>28 DE AGOSTO: \u201cAsesoramiento jur\u00eddico para familiares y cuidadores de personas con demencia\u201d -Dr. Joaqu\u00edn Baigorria, abogado.<\/li>\n<li>25 DE SEPTIEMBRE:\u00a0\u201cC\u00f3mo reconocer y regular el estr\u00e9s en el cuidador\u201d &#8211; Ps. Julieta Nadal\u00edn, psic\u00f3loga.<\/li>\n<li>30 DE OCTUBRE:\u00a0\u201cPreguntas frecuentes sobre el Alzheimer\u201d &#8211; Dr. Cecilia Molaro, neur\u00f3loga.<\/li>\n<li>27 DE NOVIEMBRE:\u00a0\u201cCuidando al cuidador\u201d &#8211; Lic. Romina Pericich, psic\u00f3loga.<\/li>\n<\/ul>\n<h5>M\u00c1S INFORMACI\u00d3N SOBRE ALZHEIMER<\/h5>\n<p>El <a href=\"http:\/\/almarosario.org.ar\/alma\/alzheimer-que-es\/?fbclid=IwAR23zQ946TqQIscLS49ySMpTWcKiAvWzoYDD_3HXdfmp8zedaN7N1BakjKk\" target=\"_blank\" rel=\"noopener noreferrer\">Alzheimer<\/a> es una enfermedad que interfiere con la memoria y las facultades mentales de personas adultas, afectando m\u00e1s frecuentemente desde los 65 a\u00f1os en adelante. Se llama enfermedad \u201cprogresiva o degenerativa\u201d ya que los s\u00edntomas se van incrementando a trav\u00e9s del tiempo, desde leves confusiones y p\u00e9rdida de la memoria hasta un grave deterioro mental con limitaciones f\u00edsicas y del lenguaje.<\/p>\n<p>Seg\u00fan Alzheimer\u2019s Disease International, cada tres segundos alguien en el mundo desarrolla demencia, sum\u00e1ndose as\u00ed a las estad\u00edsticas de la Organizaci\u00f3n Mundial de la Salud, la cual informa que cerca de 50 millones de personas padecen demencia y cada a\u00f1o se registran cerca de 10 millones de casos nuevos.<\/p>\n<p>M\u00e1s informaci\u00f3n sobre el ciclo: <a href=\"mailto:info@almarosario.org.ar\">info@almarosario.org.ar<\/a><\/p>\n<div id=\"fb-root\"><\/div>\n<p><script async=\"1\" defer=\"1\" crossorigin=\"anonymous\" src=\"https:\/\/connect.facebook.net\/es_LA\/sdk.js#xfbml=1&amp;version=v3.3\"><\/script><\/p>\n<div class=\"fb-post\" data-href=\"https:\/\/www.facebook.com\/asocalmarosario\/photos\/a.1194484400576931\/2823915497633805\/?type=3&amp;__tn__=-R\" data-width=\"750\">\n<blockquote cite=\"https:\/\/www.facebook.com\/asocalmarosario\/photos\/a.1194484400576931\/2823915497633805\/?type=3\" class=\"fb-xfbml-parse-ignore\">\n<p>?CICLO DE CHARLAS 2019\u203c\ufe0fMir\u00e1 el cronograma de este a\u00f1o \u2b07\ufe0f?Pronto publicaremos el formulario de inscripci\u00f3n para el primer encuentro..?\u00daltimo mi\u00e9rcoles de cada mes, 18hs. Auditorio del CEMAR, San Luis 2020.<\/p>\n<p>Publicado por <a href=\"https:\/\/www.facebook.com\/asocalmarosario\/\">ALMA Rosario &#8211; Alzheimer<\/a> en&nbsp;<a href=\"https:\/\/www.facebook.com\/asocalmarosario\/photos\/a.1194484400576931\/2823915497633805\/?type=3\">Lunes, 8 de abril de 2019<\/a><\/p><\/blockquote>\n<\/div>\n","protected":false},"excerpt":{"rendered":"<p>Comienza el ciclo de charlas \u2018Enfoques sobre el Alzheimer\u2019 con el objetivo de abordar de la enfermedad desde distintas \u00e1reas de trabajo. Abiertas a la comunidad y con entrada gratuita. &#8230;<\/p>\n","protected":false},"author":5,"featured_media":434,"comment_status":"closed","ping_status":"open","sticky":false,"template":"","format":"standard","meta":{"_exactmetrics_skip_tracking":false,"_exactmetrics_sitenote_active":false,"_exactmetrics_sitenote_note":"","_exactmetrics_sitenote_category":0,"footnotes":""},"categories":[2,6,23],"tags":[19,16,17,27,25],"class_list":["post-423","post","type-post","status-publish","format-standard","has-post-thumbnail","hentry","category-articulos","category-charlas-medicas","category-noticias","tag-alma-rosario","tag-alzheimer","tag-alzheimer-rosario","tag-ciclo-alma","tag-demencia"],"yoast_head":"<!-- This site is optimized with the Yoast SEO plugin v27.5 - https:\/\/yoast.com\/product\/yoast-seo-wordpress\/ -->\n<title>Enfoques sobre el Alzheimer 2019 - ALMA - Alzheimer Rosario<\/title>\n<meta name=\"robots\" content=\"index, follow, max-snippet:-1, max-image-preview:large, max-video-preview:-1\" \/>\n<link rel=\"canonical\" href=\"https:\/\/almarosario.org.ar\/alma\/enfoques-sobre-el-alzheimer-2019\/\" \/>\n<meta property=\"og:locale\" content=\"es_ES\" \/>\n<meta property=\"og:type\" content=\"article\" \/>\n<meta property=\"og:title\" content=\"Enfoques sobre el Alzheimer 2019 - ALMA - Alzheimer Rosario\" \/>\n<meta property=\"og:description\" content=\"Comienza el ciclo de charlas \u2018Enfoques sobre el Alzheimer\u2019 con el objetivo de abordar de la enfermedad desde distintas \u00e1reas de trabajo. Abiertas a la comunidad y con entrada gratuita. ...\" \/>\n<meta property=\"og:url\" content=\"https:\/\/almarosario.org.ar\/alma\/enfoques-sobre-el-alzheimer-2019\/\" \/>\n<meta property=\"og:site_name\" content=\"ALMA - Alzheimer Rosario\" \/>\n<meta property=\"article:publisher\" content=\"http:\/\/facebook.com\/asoc.alma.rosario\" \/>\n<meta property=\"article:published_time\" content=\"2019-04-20T06:44:06+00:00\" \/>\n<meta property=\"article:modified_time\" content=\"2019-07-02T19:14:52+00:00\" \/>\n<meta property=\"og:image\" content=\"https:\/\/almarosario.org.ar\/alma\/wp-content\/uploads\/2019\/04\/FEED-CRONOGRAMA1.jpg\" \/>\n\t<meta property=\"og:image:width\" content=\"3455\" \/>\n\t<meta property=\"og:image:height\" content=\"3447\" \/>\n\t<meta property=\"og:image:type\" content=\"image\/jpeg\" \/>\n<meta name=\"author\" content=\"ALMA Rosario\" \/>\n<meta name=\"twitter:card\" content=\"summary_large_image\" \/>\n<meta name=\"twitter:creator\" content=\"@asocalmarosario\" \/>\n<meta name=\"twitter:site\" content=\"@asocalmarosario\" \/>\n<meta name=\"twitter:label1\" content=\"Escrito por\" \/>\n\t<meta name=\"twitter:data1\" content=\"ALMA Rosario\" \/>\n\t<meta name=\"twitter:label2\" content=\"Tiempo de lectura\" \/>\n\t<meta name=\"twitter:data2\" content=\"2 minutos\" \/>\n<script type=\"application\/ld+json\" class=\"yoast-schema-graph\">{\"@context\":\"https:\\\/\\\/schema.org\",\"@graph\":[{\"@type\":\"Article\",\"@id\":\"https:\\\/\\\/almarosario.org.ar\\\/alma\\\/enfoques-sobre-el-alzheimer-2019\\\/#article\",\"isPartOf\":{\"@id\":\"https:\\\/\\\/almarosario.org.ar\\\/alma\\\/enfoques-sobre-el-alzheimer-2019\\\/\"},\"author\":{\"name\":\"ALMA Rosario\",\"@id\":\"https:\\\/\\\/almarosario.org.ar\\\/alma\\\/#\\\/schema\\\/person\\\/299583e24f70d063da5ded5a841e1d28\"},\"headline\":\"Enfoques sobre el Alzheimer 2019\",\"datePublished\":\"2019-04-20T06:44:06+00:00\",\"dateModified\":\"2019-07-02T19:14:52+00:00\",\"mainEntityOfPage\":{\"@id\":\"https:\\\/\\\/almarosario.org.ar\\\/alma\\\/enfoques-sobre-el-alzheimer-2019\\\/\"},\"wordCount\":412,\"publisher\":{\"@id\":\"https:\\\/\\\/almarosario.org.ar\\\/alma\\\/#organization\"},\"image\":{\"@id\":\"https:\\\/\\\/almarosario.org.ar\\\/alma\\\/enfoques-sobre-el-alzheimer-2019\\\/#primaryimage\"},\"thumbnailUrl\":\"https:\\\/\\\/almarosario.org.ar\\\/alma\\\/wp-content\\\/uploads\\\/2019\\\/04\\\/FEED-CRONOGRAMA1.jpg\",\"keywords\":[\"alma rosario\",\"alzheimer\",\"alzheimer rosario\",\"ciclo alma\",\"demencia\"],\"articleSection\":[\"Articulos\",\"Charlas Medicas\",\"Noticias\"],\"inLanguage\":\"es-AR\"},{\"@type\":\"WebPage\",\"@id\":\"https:\\\/\\\/almarosario.org.ar\\\/alma\\\/enfoques-sobre-el-alzheimer-2019\\\/\",\"url\":\"https:\\\/\\\/almarosario.org.ar\\\/alma\\\/enfoques-sobre-el-alzheimer-2019\\\/\",\"name\":\"Enfoques sobre el Alzheimer 2019 - ALMA - Alzheimer Rosario\",\"isPartOf\":{\"@id\":\"https:\\\/\\\/almarosario.org.ar\\\/alma\\\/#website\"},\"primaryImageOfPage\":{\"@id\":\"https:\\\/\\\/almarosario.org.ar\\\/alma\\\/enfoques-sobre-el-alzheimer-2019\\\/#primaryimage\"},\"image\":{\"@id\":\"https:\\\/\\\/almarosario.org.ar\\\/alma\\\/enfoques-sobre-el-alzheimer-2019\\\/#primaryimage\"},\"thumbnailUrl\":\"https:\\\/\\\/almarosario.org.ar\\\/alma\\\/wp-content\\\/uploads\\\/2019\\\/04\\\/FEED-CRONOGRAMA1.jpg\",\"datePublished\":\"2019-04-20T06:44:06+00:00\",\"dateModified\":\"2019-07-02T19:14:52+00:00\",\"breadcrumb\":{\"@id\":\"https:\\\/\\\/almarosario.org.ar\\\/alma\\\/enfoques-sobre-el-alzheimer-2019\\\/#breadcrumb\"},\"inLanguage\":\"es-AR\",\"potentialAction\":[{\"@type\":\"ReadAction\",\"target\":[\"https:\\\/\\\/almarosario.org.ar\\\/alma\\\/enfoques-sobre-el-alzheimer-2019\\\/\"]}]},{\"@type\":\"ImageObject\",\"inLanguage\":\"es-AR\",\"@id\":\"https:\\\/\\\/almarosario.org.ar\\\/alma\\\/enfoques-sobre-el-alzheimer-2019\\\/#primaryimage\",\"url\":\"https:\\\/\\\/almarosario.org.ar\\\/alma\\\/wp-content\\\/uploads\\\/2019\\\/04\\\/FEED-CRONOGRAMA1.jpg\",\"contentUrl\":\"https:\\\/\\\/almarosario.org.ar\\\/alma\\\/wp-content\\\/uploads\\\/2019\\\/04\\\/FEED-CRONOGRAMA1.jpg\",\"width\":3455,\"height\":3447},{\"@type\":\"BreadcrumbList\",\"@id\":\"https:\\\/\\\/almarosario.org.ar\\\/alma\\\/enfoques-sobre-el-alzheimer-2019\\\/#breadcrumb\",\"itemListElement\":[{\"@type\":\"ListItem\",\"position\":1,\"name\":\"Inicio\",\"item\":\"https:\\\/\\\/almarosario.org.ar\\\/alma\\\/\"},{\"@type\":\"ListItem\",\"position\":2,\"name\":\"Enfoques sobre el Alzheimer 2019\"}]},{\"@type\":\"WebSite\",\"@id\":\"https:\\\/\\\/almarosario.org.ar\\\/alma\\\/#website\",\"url\":\"https:\\\/\\\/almarosario.org.ar\\\/alma\\\/\",\"name\":\"ALMA - Alzheimer Rosario\",\"description\":\"Asociaci\u00f3n de Lucha contra el Mal de Alzheimer y alteraciones semejantes\",\"publisher\":{\"@id\":\"https:\\\/\\\/almarosario.org.ar\\\/alma\\\/#organization\"},\"potentialAction\":[{\"@type\":\"SearchAction\",\"target\":{\"@type\":\"EntryPoint\",\"urlTemplate\":\"https:\\\/\\\/almarosario.org.ar\\\/alma\\\/?s={search_term_string}\"},\"query-input\":{\"@type\":\"PropertyValueSpecification\",\"valueRequired\":true,\"valueName\":\"search_term_string\"}}],\"inLanguage\":\"es-AR\"},{\"@type\":\"Organization\",\"@id\":\"https:\\\/\\\/almarosario.org.ar\\\/alma\\\/#organization\",\"name\":\"Alma Rosario\",\"url\":\"https:\\\/\\\/almarosario.org.ar\\\/alma\\\/\",\"logo\":{\"@type\":\"ImageObject\",\"inLanguage\":\"es-AR\",\"@id\":\"https:\\\/\\\/almarosario.org.ar\\\/alma\\\/#\\\/schema\\\/logo\\\/image\\\/\",\"url\":\"https:\\\/\\\/almarosario.org.ar\\\/alma\\\/wp-content\\\/uploads\\\/2020\\\/03\\\/iso.jpg\",\"contentUrl\":\"https:\\\/\\\/almarosario.org.ar\\\/alma\\\/wp-content\\\/uploads\\\/2020\\\/03\\\/iso.jpg\",\"width\":600,\"height\":600,\"caption\":\"Alma Rosario\"},\"image\":{\"@id\":\"https:\\\/\\\/almarosario.org.ar\\\/alma\\\/#\\\/schema\\\/logo\\\/image\\\/\"},\"sameAs\":[\"http:\\\/\\\/facebook.com\\\/asoc.alma.rosario\",\"https:\\\/\\\/x.com\\\/asocalmarosario\",\"http:\\\/\\\/asoc.alma.rosario\",\"https:\\\/\\\/www.youtube.com\\\/channel\\\/UCfBxweujZtBvmNqRo6EikBw\"]},{\"@type\":\"Person\",\"@id\":\"https:\\\/\\\/almarosario.org.ar\\\/alma\\\/#\\\/schema\\\/person\\\/299583e24f70d063da5ded5a841e1d28\",\"name\":\"ALMA Rosario\",\"image\":{\"@type\":\"ImageObject\",\"inLanguage\":\"es-AR\",\"@id\":\"https:\\\/\\\/secure.gravatar.com\\\/avatar\\\/b0cd24c4accaea9a9d289bdb4b71605e8ccaf0731e69f43e9c7fad7b8c529131?s=96&d=mm&r=g\",\"url\":\"https:\\\/\\\/secure.gravatar.com\\\/avatar\\\/b0cd24c4accaea9a9d289bdb4b71605e8ccaf0731e69f43e9c7fad7b8c529131?s=96&d=mm&r=g\",\"contentUrl\":\"https:\\\/\\\/secure.gravatar.com\\\/avatar\\\/b0cd24c4accaea9a9d289bdb4b71605e8ccaf0731e69f43e9c7fad7b8c529131?s=96&d=mm&r=g\",\"caption\":\"ALMA Rosario\"},\"url\":\"https:\\\/\\\/almarosario.org.ar\\\/alma\\\/author\\\/aye\\\/\"}]}<\/script>\n<!-- \/ Yoast SEO plugin. -->","yoast_head_json":{"title":"Enfoques sobre el Alzheimer 2019 - ALMA - Alzheimer Rosario","robots":{"index":"index","follow":"follow","max-snippet":"max-snippet:-1","max-image-preview":"max-image-preview:large","max-video-preview":"max-video-preview:-1"},"canonical":"https:\/\/almarosario.org.ar\/alma\/enfoques-sobre-el-alzheimer-2019\/","og_locale":"es_ES","og_type":"article","og_title":"Enfoques sobre el Alzheimer 2019 - ALMA - Alzheimer Rosario","og_description":"Comienza el ciclo de charlas \u2018Enfoques sobre el Alzheimer\u2019 con el objetivo de abordar de la enfermedad desde distintas \u00e1reas de trabajo. Abiertas a la comunidad y con entrada gratuita. ...","og_url":"https:\/\/almarosario.org.ar\/alma\/enfoques-sobre-el-alzheimer-2019\/","og_site_name":"ALMA - Alzheimer Rosario","article_publisher":"http:\/\/facebook.com\/asoc.alma.rosario","article_published_time":"2019-04-20T06:44:06+00:00","article_modified_time":"2019-07-02T19:14:52+00:00","og_image":[{"width":3455,"height":3447,"url":"https:\/\/almarosario.org.ar\/alma\/wp-content\/uploads\/2019\/04\/FEED-CRONOGRAMA1.jpg","type":"image\/jpeg"}],"author":"ALMA Rosario","twitter_card":"summary_large_image","twitter_creator":"@asocalmarosario","twitter_site":"@asocalmarosario","twitter_misc":{"Escrito por":"ALMA Rosario","Tiempo de lectura":"2 minutos"},"schema":{"@context":"https:\/\/schema.org","@graph":[{"@type":"Article","@id":"https:\/\/almarosario.org.ar\/alma\/enfoques-sobre-el-alzheimer-2019\/#article","isPartOf":{"@id":"https:\/\/almarosario.org.ar\/alma\/enfoques-sobre-el-alzheimer-2019\/"},"author":{"name":"ALMA Rosario","@id":"https:\/\/almarosario.org.ar\/alma\/#\/schema\/person\/299583e24f70d063da5ded5a841e1d28"},"headline":"Enfoques sobre el Alzheimer 2019","datePublished":"2019-04-20T06:44:06+00:00","dateModified":"2019-07-02T19:14:52+00:00","mainEntityOfPage":{"@id":"https:\/\/almarosario.org.ar\/alma\/enfoques-sobre-el-alzheimer-2019\/"},"wordCount":412,"publisher":{"@id":"https:\/\/almarosario.org.ar\/alma\/#organization"},"image":{"@id":"https:\/\/almarosario.org.ar\/alma\/enfoques-sobre-el-alzheimer-2019\/#primaryimage"},"thumbnailUrl":"https:\/\/almarosario.org.ar\/alma\/wp-content\/uploads\/2019\/04\/FEED-CRONOGRAMA1.jpg","keywords":["alma rosario","alzheimer","alzheimer rosario","ciclo alma","demencia"],"articleSection":["Articulos","Charlas Medicas","Noticias"],"inLanguage":"es-AR"},{"@type":"WebPage","@id":"https:\/\/almarosario.org.ar\/alma\/enfoques-sobre-el-alzheimer-2019\/","url":"https:\/\/almarosario.org.ar\/alma\/enfoques-sobre-el-alzheimer-2019\/","name":"Enfoques sobre el Alzheimer 2019 - ALMA - Alzheimer Rosario","isPartOf":{"@id":"https:\/\/almarosario.org.ar\/alma\/#website"},"primaryImageOfPage":{"@id":"https:\/\/almarosario.org.ar\/alma\/enfoques-sobre-el-alzheimer-2019\/#primaryimage"},"image":{"@id":"https:\/\/almarosario.org.ar\/alma\/enfoques-sobre-el-alzheimer-2019\/#primaryimage"},"thumbnailUrl":"https:\/\/almarosario.org.ar\/alma\/wp-content\/uploads\/2019\/04\/FEED-CRONOGRAMA1.jpg","datePublished":"2019-04-20T06:44:06+00:00","dateModified":"2019-07-02T19:14:52+00:00","breadcrumb":{"@id":"https:\/\/almarosario.org.ar\/alma\/enfoques-sobre-el-alzheimer-2019\/#breadcrumb"},"inLanguage":"es-AR","potentialAction":[{"@type":"ReadAction","target":["https:\/\/almarosario.org.ar\/alma\/enfoques-sobre-el-alzheimer-2019\/"]}]},{"@type":"ImageObject","inLanguage":"es-AR","@id":"https:\/\/almarosario.org.ar\/alma\/enfoques-sobre-el-alzheimer-2019\/#primaryimage","url":"https:\/\/almarosario.org.ar\/alma\/wp-content\/uploads\/2019\/04\/FEED-CRONOGRAMA1.jpg","contentUrl":"https:\/\/almarosario.org.ar\/alma\/wp-content\/uploads\/2019\/04\/FEED-CRONOGRAMA1.jpg","width":3455,"height":3447},{"@type":"BreadcrumbList","@id":"https:\/\/almarosario.org.ar\/alma\/enfoques-sobre-el-alzheimer-2019\/#breadcrumb","itemListElement":[{"@type":"ListItem","position":1,"name":"Inicio","item":"https:\/\/almarosario.org.ar\/alma\/"},{"@type":"ListItem","position":2,"name":"Enfoques sobre el Alzheimer 2019"}]},{"@type":"WebSite","@id":"https:\/\/almarosario.org.ar\/alma\/#website","url":"https:\/\/almarosario.org.ar\/alma\/","name":"ALMA - Alzheimer Rosario","description":"Asociaci\u00f3n de Lucha contra el Mal de Alzheimer y alteraciones semejantes","publisher":{"@id":"https:\/\/almarosario.org.ar\/alma\/#organization"},"potentialAction":[{"@type":"SearchAction","target":{"@type":"EntryPoint","urlTemplate":"https:\/\/almarosario.org.ar\/alma\/?s={search_term_string}"},"query-input":{"@type":"PropertyValueSpecification","valueRequired":true,"valueName":"search_term_string"}}],"inLanguage":"es-AR"},{"@type":"Organization","@id":"https:\/\/almarosario.org.ar\/alma\/#organization","name":"Alma Rosario","url":"https:\/\/almarosario.org.ar\/alma\/","logo":{"@type":"ImageObject","inLanguage":"es-AR","@id":"https:\/\/almarosario.org.ar\/alma\/#\/schema\/logo\/image\/","url":"https:\/\/almarosario.org.ar\/alma\/wp-content\/uploads\/2020\/03\/iso.jpg","contentUrl":"https:\/\/almarosario.org.ar\/alma\/wp-content\/uploads\/2020\/03\/iso.jpg","width":600,"height":600,"caption":"Alma Rosario"},"image":{"@id":"https:\/\/almarosario.org.ar\/alma\/#\/schema\/logo\/image\/"},"sameAs":["http:\/\/facebook.com\/asoc.alma.rosario","https:\/\/x.com\/asocalmarosario","http:\/\/asoc.alma.rosario","https:\/\/www.youtube.com\/channel\/UCfBxweujZtBvmNqRo6EikBw"]},{"@type":"Person","@id":"https:\/\/almarosario.org.ar\/alma\/#\/schema\/person\/299583e24f70d063da5ded5a841e1d28","name":"ALMA Rosario","image":{"@type":"ImageObject","inLanguage":"es-AR","@id":"https:\/\/secure.gravatar.com\/avatar\/b0cd24c4accaea9a9d289bdb4b71605e8ccaf0731e69f43e9c7fad7b8c529131?s=96&d=mm&r=g","url":"https:\/\/secure.gravatar.com\/avatar\/b0cd24c4accaea9a9d289bdb4b71605e8ccaf0731e69f43e9c7fad7b8c529131?s=96&d=mm&r=g","contentUrl":"https:\/\/secure.gravatar.com\/avatar\/b0cd24c4accaea9a9d289bdb4b71605e8ccaf0731e69f43e9c7fad7b8c529131?s=96&d=mm&r=g","caption":"ALMA Rosario"},"url":"https:\/\/almarosario.org.ar\/alma\/author\/aye\/"}]}},"_links":{"self":[{"href":"https:\/\/almarosario.org.ar\/alma\/wp-json\/wp\/v2\/posts\/423","targetHints":{"allow":["GET"]}}],"collection":[{"href":"https:\/\/almarosario.org.ar\/alma\/wp-json\/wp\/v2\/posts"}],"about":[{"href":"https:\/\/almarosario.org.ar\/alma\/wp-json\/wp\/v2\/types\/post"}],"author":[{"embeddable":true,"href":"https:\/\/almarosario.org.ar\/alma\/wp-json\/wp\/v2\/users\/5"}],"replies":[{"embeddable":true,"href":"https:\/\/almarosario.org.ar\/alma\/wp-json\/wp\/v2\/comments?post=423"}],"version-history":[{"count":7,"href":"https:\/\/almarosario.org.ar\/alma\/wp-json\/wp\/v2\/posts\/423\/revisions"}],"predecessor-version":[{"id":595,"href":"https:\/\/almarosario.org.ar\/alma\/wp-json\/wp\/v2\/posts\/423\/revisions\/595"}],"wp:featuredmedia":[{"embeddable":true,"href":"https:\/\/almarosario.org.ar\/alma\/wp-json\/wp\/v2\/media\/434"}],"wp:attachment":[{"href":"https:\/\/almarosario.org.ar\/alma\/wp-json\/wp\/v2\/media?parent=423"}],"wp:term":[{"taxonomy":"category","embeddable":true,"href":"https:\/\/almarosario.org.ar\/alma\/wp-json\/wp\/v2\/categories?post=423"},{"taxonomy":"post_tag","embeddable":true,"href":"https:\/\/almarosario.org.ar\/alma\/wp-json\/wp\/v2\/tags?post=423"}],"curies":[{"name":"wp","href":"https:\/\/api.w.org\/{rel}","templated":true}]}}