{"id":408,"date":"2019-04-18T15:05:50","date_gmt":"2019-04-18T15:05:50","guid":{"rendered":"http:\/\/almarosario.org.ar\/alma\/?p=408"},"modified":"2019-04-20T07:16:58","modified_gmt":"2019-04-20T07:16:58","slug":"alzheimer-que-es","status":"publish","type":"post","link":"https:\/\/almarosario.org.ar\/alma\/alzheimer-que-es\/","title":{"rendered":"Olvidos, \u00bfs\u00edntomas de Alzheimer?"},"content":{"rendered":"<p><em>Los olvidos no son normales de la edad. \u00bfQu\u00e9 es el Alzheimer? \u00bfCu\u00e1les son sus s\u00edntomas? \u00bfC\u00f3mo detectarlo a tiempo? Cecilia Molaro es m\u00e9dica especialista en neurolog\u00eda -matr\u00edcula N\u00b0 19107-, integrante del Comit\u00e9 M\u00e9dico Asesor de A.L.M.A. y en Pangea responde, aclara los puntos m\u00e1s importantes sobre estos temas. <\/em><\/p>\n<p>&nbsp;<\/p>\n<p>Cecilia siempre es una fuente de consulta, no solo por su conocimiento sino por su amabilidad, simplicidad a la hora de explicar y paciencia. En todo momento recalc\u00f3: \u201cHay que informarse para saber si los olvidos son de una enfermedad neurol\u00f3gica o normal de la edad. Muchas veces se piensa que la demencia misma es normal de la edad y no es as\u00ed, es una enfermedad del cerebro que tiene tratamiento\u201d.<\/p>\n<p>Sobre su rol en el Comit\u00e9 M\u00e9dico Asesor, Cecilia Molaro coment\u00f3: \u201ctratamos de planificar las <a href=\"http:\/\/almarosario.org.ar\/alma\/actividades\/\">actividades<\/a> con el resto del equipo y ayudar a responder las preguntas de la gente de manera adecuada con informaci\u00f3n actualizada y ver\u00eddica\u201d, adem\u00e1s agreg\u00f3: \u201cqueremos difundir la enfermedad y s\u00edntomas de alarma para detectarlo a tiempo y saber que existen tratamientos adecuados para estabilizar la enfermedad y mejorar la calidad de vida\u201d.<\/p>\n<p>Les traemos varios conceptos y frases m\u00e1s importantes de la charla:<\/p>\n<h5><strong>\u00bfQu\u00e9 es el Alzheimer?<\/strong><\/h5>\n<p>La <a href=\"http:\/\/almarosario.org.ar\/alma\/alzheimer\/\">enfermedad de Alzheimer (EA)<\/a> es la causa m\u00e1s com\u00fan de demencia. Es una enfermedad del cerebro que va afectando progresivamente todas las funciones cerebrales, por ejemplo: la memoria, el lenguaje, la capacidad de prestar atenci\u00f3n, de planificar una actividad, corregir la conducta cuando es inadecuada y responder a un objetivo propuesto. Esas habilidades, cuando aparece una enfermedad como el Alzheimer, se van perdiendo en forma progresiva.<\/p>\n<h5><strong>Demencia no es lo mismo que Alzheimer <\/strong><\/h5>\n<p>El Alzheimer es una enfermedad degenerativa, cr\u00f3nica y progresiva, que causa demencia. Demencia es un estado en que la persona necesita asistencia para desenvolverse en las actividades de la vida diaria. Si bien la Enfermedad de Alzheimer es la causa m\u00e1s frecuente, hay otras causas de demencia. La segunda en frecuencia es la de causa vascular por m\u00faltiples infartos cerebrales peque\u00f1os, o bien un ACV de gran magnitud. No necesariamente debe haber antecedentes familiares para desarrollar Alzheimer, ya que la herencia es solo uno de los varios factores de riesgo asociados.<\/p>\n<h5><strong>S\u00edntomas: los olvidos<\/strong><\/h5>\n<p>Hay olvidos que pueden ser normales de la edad como el olvido del nombre de un actor o el nombre de la pel\u00edcula que vio la semana pasada, pero el olvido es patol\u00f3gico cuando tiene un contexto m\u00e1s severo. Por ejemplo, olvidarse la hornalla prendida o dejarse la llave del lado de afuera. Con la evoluci\u00f3n desconocen los objetos y su funci\u00f3n. Por eso hay que diferenciar entre no saber d\u00f3nde dejamos algo (puede ser un olvido benigno) y no saber para qu\u00e9 sirve (patol\u00f3gico).<\/p>\n<h5><strong>Detecci\u00f3n temprana<\/strong><\/h5>\n<p>Los s\u00edntomas iniciales son de las funciones superiores o complejas como son la memoria, la comunicaci\u00f3n, las habilidades visuoespaciales, orientaci\u00f3n en tiempo y espacio y la habilidad de controlar la conducta. Para una detecci\u00f3n temprana, tambi\u00e9n hay que observar los olvidos patol\u00f3gicos, cuando la persona se pone repetitiva, no sabe c\u00f3mo usar elementos que ya conoce, pierde inter\u00e9s por actividades que antes le daban placer, cambios de \u00e1nimo o de humor. Cuando la enfermedad va avanzando la persona va teniendo m\u00e1s dificultades para mantener su aseo personal, organizar una comida o saber c\u00f3mo vestirse. Con el avance de las etapas va necesitando m\u00e1s asistencia.<\/p>\n<h5><strong>Consulta al m\u00e9dico<\/strong><\/h5>\n<p>Cuando se detecta alguno de estos signos lo que se recomienda es una consulta a un m\u00e9dico cl\u00ednico que pueda derivar a un neur\u00f3logo. Los estudios est\u00e1n orientados a descartar otras enfermedades que pueden causar deterioro cognitivo, a veces transitorio o reversible, o bien otras causas de demencia. Para el diagn\u00f3stico de demencia en general es muy importante la evaluaci\u00f3n neurocognitiva. Tambi\u00e9n se har\u00e1n an\u00e1lisis de sangre y estudios como tomograf\u00eda o resonancia magn\u00e9tica de cr\u00e1neo para descartar otras lesiones estructurales a nivel cerebral (como una lesi\u00f3n tumoral o un ACV) que conlleven un tratamiento diferente.<\/p>\n<p>&nbsp;<\/p>\n<h5>Mir\u00e1 la entrevista completa:<\/h5>\n<p><iframe loading=\"lazy\" width=\"800\" height=\"450\" src=\"https:\/\/www.youtube.com\/embed\/twcOA7XAbms?feature=oembed\" frameborder=\"0\" allow=\"accelerometer; autoplay; encrypted-media; gyroscope; picture-in-picture\" allowfullscreen><\/iframe><\/p>\n<p>&nbsp;<\/p>\n<p>&nbsp;<\/p>\n<p>Estudio de grabaci\u00f3n: <a href=\"https:\/\/www.youtube.com\/redirect?redir_token=00kKBIvZFovpo-pbwnz3pWiLfMl8MTU1NTIxMDY5N0AxNTU1MTI0Mjk3&amp;v=_BVtZ98HdAs&amp;q=https%3A%2F%2Fwww.epifania.com.ar%2F&amp;event=video_description\">https:\/\/www.epifania.com.ar\/<\/a><\/p>\n<p>Consultor de negocios: <a href=\"https:\/\/www.youtube.com\/redirect?redir_token=00kKBIvZFovpo-pbwnz3pWiLfMl8MTU1NTIxMDY5N0AxNTU1MTI0Mjk3&amp;v=_BVtZ98HdAs&amp;q=http%3A%2F%2Fwww.javierinsaurralde.com.ar%2F&amp;event=video_description\">http:\/\/www.javierinsaurralde.com.ar\/<\/a><\/p>\n<p>Patrocinador: <a href=\"https:\/\/www.youtube.com\/redirect?redir_token=00kKBIvZFovpo-pbwnz3pWiLfMl8MTU1NTIxMDY5N0AxNTU1MTI0Mjk3&amp;v=_BVtZ98HdAs&amp;q=http%3A%2F%2Fwww.grupopangea.com.ar%2F&amp;event=video_description\">http:\/\/www.grupopangea.com.ar\/<\/a><\/p>\n","protected":false},"excerpt":{"rendered":"<p>Los olvidos no son normales de la edad. \u00bfQu\u00e9 es el Alzheimer? \u00bfCu\u00e1les son sus s\u00edntomas? \u00bfC\u00f3mo detectarlo a tiempo? Cecilia Molaro es m\u00e9dica especialista en neurolog\u00eda -matr\u00edcula N\u00b0 19107-, &#8230;<\/p>\n","protected":false},"author":3,"featured_media":411,"comment_status":"closed","ping_status":"open","sticky":false,"template":"","format":"standard","meta":{"_exactmetrics_skip_tracking":false,"_exactmetrics_sitenote_active":false,"_exactmetrics_sitenote_note":"","_exactmetrics_sitenote_category":0,"footnotes":""},"categories":[2,23,9],"tags":[18,19,16,17,24,25,26,20],"class_list":["post-408","post","type-post","status-publish","format-standard","has-post-thumbnail","hentry","category-articulos","category-noticias","category-videos","tag-alma","tag-alma-rosario","tag-alzheimer","tag-alzheimer-rosario","tag-cecilia-molaro","tag-demencia","tag-neurologia","tag-preguntas-frecuentes"],"yoast_head":"<!-- This site is optimized with the Yoast SEO plugin v27.5 - https:\/\/yoast.com\/product\/yoast-seo-wordpress\/ -->\n<title>Olvidos, \u00bfs\u00edntomas de Alzheimer? - ALMA - Alzheimer Rosario<\/title>\n<meta name=\"robots\" content=\"index, follow, max-snippet:-1, max-image-preview:large, max-video-preview:-1\" \/>\n<link rel=\"canonical\" href=\"https:\/\/almarosario.org.ar\/alma\/alzheimer-que-es\/\" \/>\n<meta property=\"og:locale\" content=\"es_ES\" \/>\n<meta property=\"og:type\" content=\"article\" \/>\n<meta property=\"og:title\" content=\"Olvidos, \u00bfs\u00edntomas de Alzheimer? - ALMA - Alzheimer Rosario\" \/>\n<meta property=\"og:description\" content=\"Los olvidos no son normales de la edad. \u00bfQu\u00e9 es el Alzheimer? \u00bfCu\u00e1les son sus s\u00edntomas? \u00bfC\u00f3mo detectarlo a tiempo? Cecilia Molaro es m\u00e9dica especialista en neurolog\u00eda -matr\u00edcula N\u00b0 19107-, ...\" \/>\n<meta property=\"og:url\" content=\"https:\/\/almarosario.org.ar\/alma\/alzheimer-que-es\/\" \/>\n<meta property=\"og:site_name\" content=\"ALMA - Alzheimer Rosario\" \/>\n<meta property=\"article:publisher\" content=\"http:\/\/facebook.com\/asoc.alma.rosario\" \/>\n<meta property=\"article:published_time\" content=\"2019-04-18T15:05:50+00:00\" \/>\n<meta property=\"article:modified_time\" content=\"2019-04-20T07:16:58+00:00\" \/>\n<meta property=\"og:image\" content=\"https:\/\/almarosario.org.ar\/alma\/wp-content\/uploads\/2019\/04\/Captura-de-pantalla-374.png\" \/>\n\t<meta property=\"og:image:width\" content=\"1920\" \/>\n\t<meta property=\"og:image:height\" content=\"1080\" \/>\n\t<meta property=\"og:image:type\" content=\"image\/png\" \/>\n<meta name=\"author\" content=\"ALMA Rosario\" \/>\n<meta name=\"twitter:card\" content=\"summary_large_image\" \/>\n<meta name=\"twitter:creator\" content=\"@asocalmarosario\" \/>\n<meta name=\"twitter:site\" content=\"@asocalmarosario\" \/>\n<meta name=\"twitter:label1\" content=\"Escrito por\" \/>\n\t<meta name=\"twitter:data1\" content=\"ALMA Rosario\" \/>\n\t<meta name=\"twitter:label2\" content=\"Tiempo de lectura\" \/>\n\t<meta name=\"twitter:data2\" content=\"4 minutos\" \/>\n<script type=\"application\/ld+json\" class=\"yoast-schema-graph\">{\"@context\":\"https:\\\/\\\/schema.org\",\"@graph\":[{\"@type\":\"Article\",\"@id\":\"https:\\\/\\\/almarosario.org.ar\\\/alma\\\/alzheimer-que-es\\\/#article\",\"isPartOf\":{\"@id\":\"https:\\\/\\\/almarosario.org.ar\\\/alma\\\/alzheimer-que-es\\\/\"},\"author\":{\"name\":\"ALMA Rosario\",\"@id\":\"https:\\\/\\\/almarosario.org.ar\\\/alma\\\/#\\\/schema\\\/person\\\/6bff1911c7f3c7e73e8bbdddedaf0e10\"},\"headline\":\"Olvidos, \u00bfs\u00edntomas de Alzheimer?\",\"datePublished\":\"2019-04-18T15:05:50+00:00\",\"dateModified\":\"2019-04-20T07:16:58+00:00\",\"mainEntityOfPage\":{\"@id\":\"https:\\\/\\\/almarosario.org.ar\\\/alma\\\/alzheimer-que-es\\\/\"},\"wordCount\":769,\"publisher\":{\"@id\":\"https:\\\/\\\/almarosario.org.ar\\\/alma\\\/#organization\"},\"image\":{\"@id\":\"https:\\\/\\\/almarosario.org.ar\\\/alma\\\/alzheimer-que-es\\\/#primaryimage\"},\"thumbnailUrl\":\"https:\\\/\\\/almarosario.org.ar\\\/alma\\\/wp-content\\\/uploads\\\/2019\\\/04\\\/Captura-de-pantalla-374.png\",\"keywords\":[\"alma\",\"alma rosario\",\"alzheimer\",\"alzheimer rosario\",\"cecilia molaro\",\"demencia\",\"neurolog\u00eda\",\"preguntas frecuentes\"],\"articleSection\":[\"Articulos\",\"Noticias\",\"Videos\"],\"inLanguage\":\"es-AR\"},{\"@type\":\"WebPage\",\"@id\":\"https:\\\/\\\/almarosario.org.ar\\\/alma\\\/alzheimer-que-es\\\/\",\"url\":\"https:\\\/\\\/almarosario.org.ar\\\/alma\\\/alzheimer-que-es\\\/\",\"name\":\"Olvidos, \u00bfs\u00edntomas de Alzheimer? - ALMA - Alzheimer Rosario\",\"isPartOf\":{\"@id\":\"https:\\\/\\\/almarosario.org.ar\\\/alma\\\/#website\"},\"primaryImageOfPage\":{\"@id\":\"https:\\\/\\\/almarosario.org.ar\\\/alma\\\/alzheimer-que-es\\\/#primaryimage\"},\"image\":{\"@id\":\"https:\\\/\\\/almarosario.org.ar\\\/alma\\\/alzheimer-que-es\\\/#primaryimage\"},\"thumbnailUrl\":\"https:\\\/\\\/almarosario.org.ar\\\/alma\\\/wp-content\\\/uploads\\\/2019\\\/04\\\/Captura-de-pantalla-374.png\",\"datePublished\":\"2019-04-18T15:05:50+00:00\",\"dateModified\":\"2019-04-20T07:16:58+00:00\",\"breadcrumb\":{\"@id\":\"https:\\\/\\\/almarosario.org.ar\\\/alma\\\/alzheimer-que-es\\\/#breadcrumb\"},\"inLanguage\":\"es-AR\",\"potentialAction\":[{\"@type\":\"ReadAction\",\"target\":[\"https:\\\/\\\/almarosario.org.ar\\\/alma\\\/alzheimer-que-es\\\/\"]}]},{\"@type\":\"ImageObject\",\"inLanguage\":\"es-AR\",\"@id\":\"https:\\\/\\\/almarosario.org.ar\\\/alma\\\/alzheimer-que-es\\\/#primaryimage\",\"url\":\"https:\\\/\\\/almarosario.org.ar\\\/alma\\\/wp-content\\\/uploads\\\/2019\\\/04\\\/Captura-de-pantalla-374.png\",\"contentUrl\":\"https:\\\/\\\/almarosario.org.ar\\\/alma\\\/wp-content\\\/uploads\\\/2019\\\/04\\\/Captura-de-pantalla-374.png\",\"width\":1920,\"height\":1080},{\"@type\":\"BreadcrumbList\",\"@id\":\"https:\\\/\\\/almarosario.org.ar\\\/alma\\\/alzheimer-que-es\\\/#breadcrumb\",\"itemListElement\":[{\"@type\":\"ListItem\",\"position\":1,\"name\":\"Inicio\",\"item\":\"https:\\\/\\\/almarosario.org.ar\\\/alma\\\/\"},{\"@type\":\"ListItem\",\"position\":2,\"name\":\"Olvidos, \u00bfs\u00edntomas de Alzheimer?\"}]},{\"@type\":\"WebSite\",\"@id\":\"https:\\\/\\\/almarosario.org.ar\\\/alma\\\/#website\",\"url\":\"https:\\\/\\\/almarosario.org.ar\\\/alma\\\/\",\"name\":\"ALMA - Alzheimer Rosario\",\"description\":\"Asociaci\u00f3n de Lucha contra el Mal de Alzheimer y alteraciones semejantes\",\"publisher\":{\"@id\":\"https:\\\/\\\/almarosario.org.ar\\\/alma\\\/#organization\"},\"potentialAction\":[{\"@type\":\"SearchAction\",\"target\":{\"@type\":\"EntryPoint\",\"urlTemplate\":\"https:\\\/\\\/almarosario.org.ar\\\/alma\\\/?s={search_term_string}\"},\"query-input\":{\"@type\":\"PropertyValueSpecification\",\"valueRequired\":true,\"valueName\":\"search_term_string\"}}],\"inLanguage\":\"es-AR\"},{\"@type\":\"Organization\",\"@id\":\"https:\\\/\\\/almarosario.org.ar\\\/alma\\\/#organization\",\"name\":\"Alma Rosario\",\"url\":\"https:\\\/\\\/almarosario.org.ar\\\/alma\\\/\",\"logo\":{\"@type\":\"ImageObject\",\"inLanguage\":\"es-AR\",\"@id\":\"https:\\\/\\\/almarosario.org.ar\\\/alma\\\/#\\\/schema\\\/logo\\\/image\\\/\",\"url\":\"https:\\\/\\\/almarosario.org.ar\\\/alma\\\/wp-content\\\/uploads\\\/2020\\\/03\\\/iso.jpg\",\"contentUrl\":\"https:\\\/\\\/almarosario.org.ar\\\/alma\\\/wp-content\\\/uploads\\\/2020\\\/03\\\/iso.jpg\",\"width\":600,\"height\":600,\"caption\":\"Alma Rosario\"},\"image\":{\"@id\":\"https:\\\/\\\/almarosario.org.ar\\\/alma\\\/#\\\/schema\\\/logo\\\/image\\\/\"},\"sameAs\":[\"http:\\\/\\\/facebook.com\\\/asoc.alma.rosario\",\"https:\\\/\\\/x.com\\\/asocalmarosario\",\"http:\\\/\\\/asoc.alma.rosario\",\"https:\\\/\\\/www.youtube.com\\\/channel\\\/UCfBxweujZtBvmNqRo6EikBw\"]},{\"@type\":\"Person\",\"@id\":\"https:\\\/\\\/almarosario.org.ar\\\/alma\\\/#\\\/schema\\\/person\\\/6bff1911c7f3c7e73e8bbdddedaf0e10\",\"name\":\"ALMA Rosario\",\"image\":{\"@type\":\"ImageObject\",\"inLanguage\":\"es-AR\",\"@id\":\"https:\\\/\\\/secure.gravatar.com\\\/avatar\\\/75ac3cec3be4518167377d9dbbefc0e0b097058bc3df0f40ab53ff4782fb31d2?s=96&d=mm&r=g\",\"url\":\"https:\\\/\\\/secure.gravatar.com\\\/avatar\\\/75ac3cec3be4518167377d9dbbefc0e0b097058bc3df0f40ab53ff4782fb31d2?s=96&d=mm&r=g\",\"contentUrl\":\"https:\\\/\\\/secure.gravatar.com\\\/avatar\\\/75ac3cec3be4518167377d9dbbefc0e0b097058bc3df0f40ab53ff4782fb31d2?s=96&d=mm&r=g\",\"caption\":\"ALMA Rosario\"},\"url\":\"https:\\\/\\\/almarosario.org.ar\\\/alma\\\/author\\\/editorial\\\/\"}]}<\/script>\n<!-- \/ Yoast SEO plugin. -->","yoast_head_json":{"title":"Olvidos, \u00bfs\u00edntomas de Alzheimer? - ALMA - Alzheimer Rosario","robots":{"index":"index","follow":"follow","max-snippet":"max-snippet:-1","max-image-preview":"max-image-preview:large","max-video-preview":"max-video-preview:-1"},"canonical":"https:\/\/almarosario.org.ar\/alma\/alzheimer-que-es\/","og_locale":"es_ES","og_type":"article","og_title":"Olvidos, \u00bfs\u00edntomas de Alzheimer? - ALMA - Alzheimer Rosario","og_description":"Los olvidos no son normales de la edad. \u00bfQu\u00e9 es el Alzheimer? \u00bfCu\u00e1les son sus s\u00edntomas? \u00bfC\u00f3mo detectarlo a tiempo? Cecilia Molaro es m\u00e9dica especialista en neurolog\u00eda -matr\u00edcula N\u00b0 19107-, ...","og_url":"https:\/\/almarosario.org.ar\/alma\/alzheimer-que-es\/","og_site_name":"ALMA - Alzheimer Rosario","article_publisher":"http:\/\/facebook.com\/asoc.alma.rosario","article_published_time":"2019-04-18T15:05:50+00:00","article_modified_time":"2019-04-20T07:16:58+00:00","og_image":[{"width":1920,"height":1080,"url":"https:\/\/almarosario.org.ar\/alma\/wp-content\/uploads\/2019\/04\/Captura-de-pantalla-374.png","type":"image\/png"}],"author":"ALMA Rosario","twitter_card":"summary_large_image","twitter_creator":"@asocalmarosario","twitter_site":"@asocalmarosario","twitter_misc":{"Escrito por":"ALMA Rosario","Tiempo de lectura":"4 minutos"},"schema":{"@context":"https:\/\/schema.org","@graph":[{"@type":"Article","@id":"https:\/\/almarosario.org.ar\/alma\/alzheimer-que-es\/#article","isPartOf":{"@id":"https:\/\/almarosario.org.ar\/alma\/alzheimer-que-es\/"},"author":{"name":"ALMA Rosario","@id":"https:\/\/almarosario.org.ar\/alma\/#\/schema\/person\/6bff1911c7f3c7e73e8bbdddedaf0e10"},"headline":"Olvidos, \u00bfs\u00edntomas de Alzheimer?","datePublished":"2019-04-18T15:05:50+00:00","dateModified":"2019-04-20T07:16:58+00:00","mainEntityOfPage":{"@id":"https:\/\/almarosario.org.ar\/alma\/alzheimer-que-es\/"},"wordCount":769,"publisher":{"@id":"https:\/\/almarosario.org.ar\/alma\/#organization"},"image":{"@id":"https:\/\/almarosario.org.ar\/alma\/alzheimer-que-es\/#primaryimage"},"thumbnailUrl":"https:\/\/almarosario.org.ar\/alma\/wp-content\/uploads\/2019\/04\/Captura-de-pantalla-374.png","keywords":["alma","alma rosario","alzheimer","alzheimer rosario","cecilia molaro","demencia","neurolog\u00eda","preguntas frecuentes"],"articleSection":["Articulos","Noticias","Videos"],"inLanguage":"es-AR"},{"@type":"WebPage","@id":"https:\/\/almarosario.org.ar\/alma\/alzheimer-que-es\/","url":"https:\/\/almarosario.org.ar\/alma\/alzheimer-que-es\/","name":"Olvidos, \u00bfs\u00edntomas de Alzheimer? - ALMA - Alzheimer Rosario","isPartOf":{"@id":"https:\/\/almarosario.org.ar\/alma\/#website"},"primaryImageOfPage":{"@id":"https:\/\/almarosario.org.ar\/alma\/alzheimer-que-es\/#primaryimage"},"image":{"@id":"https:\/\/almarosario.org.ar\/alma\/alzheimer-que-es\/#primaryimage"},"thumbnailUrl":"https:\/\/almarosario.org.ar\/alma\/wp-content\/uploads\/2019\/04\/Captura-de-pantalla-374.png","datePublished":"2019-04-18T15:05:50+00:00","dateModified":"2019-04-20T07:16:58+00:00","breadcrumb":{"@id":"https:\/\/almarosario.org.ar\/alma\/alzheimer-que-es\/#breadcrumb"},"inLanguage":"es-AR","potentialAction":[{"@type":"ReadAction","target":["https:\/\/almarosario.org.ar\/alma\/alzheimer-que-es\/"]}]},{"@type":"ImageObject","inLanguage":"es-AR","@id":"https:\/\/almarosario.org.ar\/alma\/alzheimer-que-es\/#primaryimage","url":"https:\/\/almarosario.org.ar\/alma\/wp-content\/uploads\/2019\/04\/Captura-de-pantalla-374.png","contentUrl":"https:\/\/almarosario.org.ar\/alma\/wp-content\/uploads\/2019\/04\/Captura-de-pantalla-374.png","width":1920,"height":1080},{"@type":"BreadcrumbList","@id":"https:\/\/almarosario.org.ar\/alma\/alzheimer-que-es\/#breadcrumb","itemListElement":[{"@type":"ListItem","position":1,"name":"Inicio","item":"https:\/\/almarosario.org.ar\/alma\/"},{"@type":"ListItem","position":2,"name":"Olvidos, \u00bfs\u00edntomas de Alzheimer?"}]},{"@type":"WebSite","@id":"https:\/\/almarosario.org.ar\/alma\/#website","url":"https:\/\/almarosario.org.ar\/alma\/","name":"ALMA - Alzheimer Rosario","description":"Asociaci\u00f3n de Lucha contra el Mal de Alzheimer y alteraciones semejantes","publisher":{"@id":"https:\/\/almarosario.org.ar\/alma\/#organization"},"potentialAction":[{"@type":"SearchAction","target":{"@type":"EntryPoint","urlTemplate":"https:\/\/almarosario.org.ar\/alma\/?s={search_term_string}"},"query-input":{"@type":"PropertyValueSpecification","valueRequired":true,"valueName":"search_term_string"}}],"inLanguage":"es-AR"},{"@type":"Organization","@id":"https:\/\/almarosario.org.ar\/alma\/#organization","name":"Alma Rosario","url":"https:\/\/almarosario.org.ar\/alma\/","logo":{"@type":"ImageObject","inLanguage":"es-AR","@id":"https:\/\/almarosario.org.ar\/alma\/#\/schema\/logo\/image\/","url":"https:\/\/almarosario.org.ar\/alma\/wp-content\/uploads\/2020\/03\/iso.jpg","contentUrl":"https:\/\/almarosario.org.ar\/alma\/wp-content\/uploads\/2020\/03\/iso.jpg","width":600,"height":600,"caption":"Alma Rosario"},"image":{"@id":"https:\/\/almarosario.org.ar\/alma\/#\/schema\/logo\/image\/"},"sameAs":["http:\/\/facebook.com\/asoc.alma.rosario","https:\/\/x.com\/asocalmarosario","http:\/\/asoc.alma.rosario","https:\/\/www.youtube.com\/channel\/UCfBxweujZtBvmNqRo6EikBw"]},{"@type":"Person","@id":"https:\/\/almarosario.org.ar\/alma\/#\/schema\/person\/6bff1911c7f3c7e73e8bbdddedaf0e10","name":"ALMA Rosario","image":{"@type":"ImageObject","inLanguage":"es-AR","@id":"https:\/\/secure.gravatar.com\/avatar\/75ac3cec3be4518167377d9dbbefc0e0b097058bc3df0f40ab53ff4782fb31d2?s=96&d=mm&r=g","url":"https:\/\/secure.gravatar.com\/avatar\/75ac3cec3be4518167377d9dbbefc0e0b097058bc3df0f40ab53ff4782fb31d2?s=96&d=mm&r=g","contentUrl":"https:\/\/secure.gravatar.com\/avatar\/75ac3cec3be4518167377d9dbbefc0e0b097058bc3df0f40ab53ff4782fb31d2?s=96&d=mm&r=g","caption":"ALMA Rosario"},"url":"https:\/\/almarosario.org.ar\/alma\/author\/editorial\/"}]}},"_links":{"self":[{"href":"https:\/\/almarosario.org.ar\/alma\/wp-json\/wp\/v2\/posts\/408","targetHints":{"allow":["GET"]}}],"collection":[{"href":"https:\/\/almarosario.org.ar\/alma\/wp-json\/wp\/v2\/posts"}],"about":[{"href":"https:\/\/almarosario.org.ar\/alma\/wp-json\/wp\/v2\/types\/post"}],"author":[{"embeddable":true,"href":"https:\/\/almarosario.org.ar\/alma\/wp-json\/wp\/v2\/users\/3"}],"replies":[{"embeddable":true,"href":"https:\/\/almarosario.org.ar\/alma\/wp-json\/wp\/v2\/comments?post=408"}],"version-history":[{"count":3,"href":"https:\/\/almarosario.org.ar\/alma\/wp-json\/wp\/v2\/posts\/408\/revisions"}],"predecessor-version":[{"id":413,"href":"https:\/\/almarosario.org.ar\/alma\/wp-json\/wp\/v2\/posts\/408\/revisions\/413"}],"wp:featuredmedia":[{"embeddable":true,"href":"https:\/\/almarosario.org.ar\/alma\/wp-json\/wp\/v2\/media\/411"}],"wp:attachment":[{"href":"https:\/\/almarosario.org.ar\/alma\/wp-json\/wp\/v2\/media?parent=408"}],"wp:term":[{"taxonomy":"category","embeddable":true,"href":"https:\/\/almarosario.org.ar\/alma\/wp-json\/wp\/v2\/categories?post=408"},{"taxonomy":"post_tag","embeddable":true,"href":"https:\/\/almarosario.org.ar\/alma\/wp-json\/wp\/v2\/tags?post=408"}],"curies":[{"name":"wp","href":"https:\/\/api.w.org\/{rel}","templated":true}]}}